{"id":40341,"date":"2025-07-07T10:37:10","date_gmt":"2025-07-07T07:37:10","guid":{"rendered":"https:\/\/www.egemtv.com\/?p=40341"},"modified":"2025-07-07T10:37:15","modified_gmt":"2025-07-07T07:37:15","slug":"bodrumda-19-duzensiz-gocmen-yakalandi","status":"publish","type":"post","link":"https:\/\/www.egemtv.com\/?p=40341","title":{"rendered":"Bodrum\u2019da 19 d\u00fczensiz g\u00f6\u00e7men yakaland\u0131"},"content":{"rendered":"<p>Mu\u011fla\u2019n\u0131n Bodrum il\u00e7esi a\u00e7\u0131klar\u0131nda 19 d\u00fczensiz g\u00f6\u00e7men yakaland\u0131.<\/p>\n<p>Bodrum\u2019da g\u00f6revli Sahil G\u00fcvenlik Mobil Radar\u0131 (MORAD-16) taraf\u0131ndan lastik bot i\u00e7erisinde bir grup d\u00fczensiz g\u00f6\u00e7men oldu\u011funun tespit edilmesi \u00fczerine Sahil G\u00fcvenlik Gemisi (TCSG-302) b\u00f6lgeye hareket etti. Durdurulan hareketli lastik bot i\u00e7erisindeki 19 d\u00fczensiz g\u00f6\u00e7men yakalad\u0131. Lastik bottaki 1 \u015f\u00fcpheli, g\u00f6\u00e7men ka\u00e7ak\u00e7\u0131l\u0131\u011f\u0131 yapt\u0131\u011f\u0131 iddias\u0131yla g\u00f6zalt\u0131na al\u0131nd\u0131. Limana getirilen g\u00f6\u00e7menler, i\u015flemlerinin ard\u0131ndan Mu\u011fla \u0130l G\u00f6\u00e7 \u0130daresi M\u00fcd\u00fcrl\u00fc\u011f\u00fc\u2019ne g\u00f6nderildi. G\u00f6\u00e7men ka\u00e7ak\u00e7\u0131s\u0131 \u015f\u00fcphelisiyle ilgili adli i\u015flemlere ba\u015fland\u0131.<br \/><\/p>\n","protected":false},"excerpt":{"rendered":"<p>Mu\u011fla\u2019n\u0131n Bodrum il\u00e7esi a\u00e7\u0131klar\u0131nda 19 d\u00fczensiz g\u00f6\u00e7men yakaland\u0131. Bodrum\u2019da g\u00f6revli Sahil G\u00fcvenlik Mobil Radar\u0131 (MORAD-16) taraf\u0131ndan lastik bot i\u00e7erisinde bir grup d\u00fczensiz g\u00f6\u00e7men oldu\u011funun tespit edilmesi \u00fczerine Sahil G\u00fcvenlik Gemisi (TCSG-302) b\u00f6lgeye hareket etti. Durdurulan hareketli lastik bot i\u00e7erisindeki 19 d\u00fczensiz g\u00f6\u00e7men yakalad\u0131. Lastik bottaki 1 \u015f\u00fcpheli, g\u00f6\u00e7men ka\u00e7ak\u00e7\u0131l\u0131\u011f\u0131 yapt\u0131\u011f\u0131 iddias\u0131yla g\u00f6zalt\u0131na al\u0131nd\u0131. Limana getirilen&#8230;<\/p>\n","protected":false},"author":1,"featured_media":40342,"comment_status":"open","ping_status":"open","sticky":false,"template":"","format":"standard","meta":{"_crdt_document":"","footnotes":""},"categories":[5],"tags":[],"class_list":["post-40341","post","type-post","status-publish","format-standard","has-post-thumbnail","hentry","category-asayis"],"_links":{"self":[{"href":"https:\/\/www.egemtv.com\/index.php?rest_route=\/wp\/v2\/posts\/40341","targetHints":{"allow":["GET"]}}],"collection":[{"href":"https:\/\/www.egemtv.com\/index.php?rest_route=\/wp\/v2\/posts"}],"about":[{"href":"https:\/\/www.egemtv.com\/index.php?rest_route=\/wp\/v2\/types\/post"}],"author":[{"embeddable":true,"href":"https:\/\/www.egemtv.com\/index.php?rest_route=\/wp\/v2\/users\/1"}],"replies":[{"embeddable":true,"href":"https:\/\/www.egemtv.com\/index.php?rest_route=%2Fwp%2Fv2%2Fcomments&post=40341"}],"version-history":[{"count":1,"href":"https:\/\/www.egemtv.com\/index.php?rest_route=\/wp\/v2\/posts\/40341\/revisions"}],"predecessor-version":[{"id":40343,"href":"https:\/\/www.egemtv.com\/index.php?rest_route=\/wp\/v2\/posts\/40341\/revisions\/40343"}],"wp:featuredmedia":[{"embeddable":true,"href":"https:\/\/www.egemtv.com\/index.php?rest_route=\/wp\/v2\/media\/40342"}],"wp:attachment":[{"href":"https:\/\/www.egemtv.com\/index.php?rest_route=%2Fwp%2Fv2%2Fmedia&parent=40341"}],"wp:term":[{"taxonomy":"category","embeddable":true,"href":"https:\/\/www.egemtv.com\/index.php?rest_route=%2Fwp%2Fv2%2Fcategories&post=40341"},{"taxonomy":"post_tag","embeddable":true,"href":"https:\/\/www.egemtv.com\/index.php?rest_route=%2Fwp%2Fv2%2Ftags&post=40341"}],"curies":[{"name":"wp","href":"https:\/\/api.w.org\/{rel}","templated":true}]}}