{"id":40338,"date":"2025-07-07T10:37:04","date_gmt":"2025-07-07T07:37:04","guid":{"rendered":"https:\/\/www.egemtv.com\/?p=40338"},"modified":"2025-07-07T10:37:10","modified_gmt":"2025-07-07T07:37:10","slug":"47-honaz-kiraz-festivali-muhtesem-zara-konseriyle-son-buldu","status":"publish","type":"post","link":"https:\/\/www.egemtv.com\/?p=40338","title":{"rendered":"47. Honaz Kiraz Festivali muhte\u015fem Zara konseriyle son buldu"},"content":{"rendered":"<p>Bu y\u0131l 47\u2019ncisi d\u00fczenlenen Honaz Geleneksel Kiraz Festivali, Zara konseriyle birlikte muhte\u015fem bir final gecesiyle sona erdi.<br \/>\n<br \/>Denizli\u2019nin Honaz il\u00e7esinde bu y\u0131l 47\u2019ncisi d\u00fczenlenen Geleneksel Kiraz Festivali, renkli g\u00f6r\u00fcnt\u00fclere sahne oldu. Festivalin \u00fc\u00e7\u00fcnc\u00fc ve son g\u00fcn\u00fcnde, Grangaz Dans Sanat ve Spor Kul\u00fcb\u00fc\u2019n\u00fcn halk oyunlar\u0131 g\u00f6sterisi b\u00fcy\u00fck be\u011feni toplarken, geceye DJ Serap \u00c7akmak\u2019\u0131n performans\u0131 ve T\u00fcrkiye\u2019nin g\u00fc\u00e7l\u00fc seslerinden Zara\u2019n\u0131n unutulmaz konserleriyle festival son buldu.<br \/>\n<br \/>47\u2019nci Honaz Kiraz Festivalinde eme\u011fi ge\u00e7en herkese te\u015fekk\u00fcr eden Honaz Belediye Ba\u015fkan\u0131 Y\u00fcksel Kepenek, &#8220;Kiraz Festivalimiz 3 g\u00fcnd\u00fcr renkli dans g\u00f6sterileri ve konserlerle devam etti. Bug\u00fcn festivalin 3\u2019\u00fcnc\u00fc ve son g\u00fcn\u00fcndeyiz. Son g\u00fcn\u00fcm\u00fczde, Grangaz Dans Sanat ve Spor Kul\u00fcb\u00fc\u2019n\u00fcn halk oyunlar\u0131 ekibinin dans g\u00f6steri ile renklenen gece DJ Serap \u00c7akmak ve g\u00fcnlerdir beklenen sanat\u00e7\u0131m\u0131z, T\u00fcrk Halk M\u00fczi\u011fi\u2019nin g\u00fc\u00e7l\u00fc sesi Zara konserleriyle Honaz unutulmaz bir gece ya\u015fad\u0131.  Bu g\u00fczel festivalin ger\u00e7ekle\u015fmesinde eme\u011fi ge\u00e7en herkese, bizlerle olan sanat\u00e7\u0131lar\u0131m\u0131za, gece g\u00fcnd\u00fcz demeden \u00e7al\u0131\u015fan Honaz Belediyesi \u00e7al\u0131\u015fma arkada\u015flar\u0131ma, yo\u011fun ilgi g\u00f6steren k\u0131ymetli hem\u015fehrilerimize y\u00fcrekten te\u015fekk\u00fcr ediyorum.  Honaz, huzurun, mutlulu\u011fun ve \u00fcretimin \u015fehri. Bu y\u0131l ya\u015fanan a\u015f\u0131r\u0131 so\u011fuklar nedeniyle  Kiraz \u00fcretiminde s\u0131k\u0131nt\u0131lar ya\u015fad\u0131k. Ya\u015fanan so\u011fuk neden ile kiraz a\u011fa\u00e7lar\u0131na so\u011fuk vurdu. Ya\u015fanan afet sonras\u0131 \u00e7ift\u00e7imize destek olmak amac\u0131yla 4,5 milyon fideyi \u00fcreticimizle bulu\u015fturduk. Her \u015fartta \u00fcreticilerimizin yan\u0131nda olmaya s\u00fcrd\u00fcrece\u011fiz. 47\u2019nci Kiraz Festivalinde e\u011flenceli anlar ya\u015fan \u00fcreticilerim bir nebze olsun s\u0131k\u0131nt\u0131lar\u0131ndan uzakla\u015fm\u0131\u015f oldular&#8221; ifadelerini kulland\u0131.<br \/><\/p>\n","protected":false},"excerpt":{"rendered":"<p>Bu y\u0131l 47\u2019ncisi d\u00fczenlenen Honaz Geleneksel Kiraz Festivali, Zara konseriyle birlikte muhte\u015fem bir final gecesiyle sona erdi. Denizli\u2019nin Honaz il\u00e7esinde bu y\u0131l 47\u2019ncisi d\u00fczenlenen Geleneksel Kiraz Festivali, renkli g\u00f6r\u00fcnt\u00fclere sahne oldu. Festivalin \u00fc\u00e7\u00fcnc\u00fc ve son g\u00fcn\u00fcnde, Grangaz Dans Sanat ve Spor Kul\u00fcb\u00fc\u2019n\u00fcn halk oyunlar\u0131 g\u00f6sterisi b\u00fcy\u00fck be\u011feni toplarken, geceye DJ Serap \u00c7akmak\u2019\u0131n performans\u0131 ve T\u00fcrkiye\u2019nin&#8230;<\/p>\n","protected":false},"author":1,"featured_media":40339,"comment_status":"open","ping_status":"open","sticky":false,"template":"","format":"standard","meta":{"_crdt_document":"","footnotes":""},"categories":[1],"tags":[],"class_list":["post-40338","post","type-post","status-publish","format-standard","has-post-thumbnail","hentry","category-guncel"],"_links":{"self":[{"href":"https:\/\/www.egemtv.com\/index.php?rest_route=\/wp\/v2\/posts\/40338","targetHints":{"allow":["GET"]}}],"collection":[{"href":"https:\/\/www.egemtv.com\/index.php?rest_route=\/wp\/v2\/posts"}],"about":[{"href":"https:\/\/www.egemtv.com\/index.php?rest_route=\/wp\/v2\/types\/post"}],"author":[{"embeddable":true,"href":"https:\/\/www.egemtv.com\/index.php?rest_route=\/wp\/v2\/users\/1"}],"replies":[{"embeddable":true,"href":"https:\/\/www.egemtv.com\/index.php?rest_route=%2Fwp%2Fv2%2Fcomments&post=40338"}],"version-history":[{"count":1,"href":"https:\/\/www.egemtv.com\/index.php?rest_route=\/wp\/v2\/posts\/40338\/revisions"}],"predecessor-version":[{"id":40340,"href":"https:\/\/www.egemtv.com\/index.php?rest_route=\/wp\/v2\/posts\/40338\/revisions\/40340"}],"wp:featuredmedia":[{"embeddable":true,"href":"https:\/\/www.egemtv.com\/index.php?rest_route=\/wp\/v2\/media\/40339"}],"wp:attachment":[{"href":"https:\/\/www.egemtv.com\/index.php?rest_route=%2Fwp%2Fv2%2Fmedia&parent=40338"}],"wp:term":[{"taxonomy":"category","embeddable":true,"href":"https:\/\/www.egemtv.com\/index.php?rest_route=%2Fwp%2Fv2%2Fcategories&post=40338"},{"taxonomy":"post_tag","embeddable":true,"href":"https:\/\/www.egemtv.com\/index.php?rest_route=%2Fwp%2Fv2%2Ftags&post=40338"}],"curies":[{"name":"wp","href":"https:\/\/api.w.org\/{rel}","templated":true}]}}