{"id":40335,"date":"2025-07-07T10:37:00","date_gmt":"2025-07-07T07:37:00","guid":{"rendered":"https:\/\/www.egemtv.com\/?p=40335"},"modified":"2025-07-07T10:37:04","modified_gmt":"2025-07-07T07:37:04","slug":"babasinin-kullandigi-traktorun-altinda-kaldi","status":"publish","type":"post","link":"https:\/\/www.egemtv.com\/?p=40335","title":{"rendered":"Babas\u0131n\u0131n kulland\u0131\u011f\u0131 trakt\u00f6r\u00fcn alt\u0131nda kald\u0131"},"content":{"rendered":"<p>Ayd\u0131n\u2019\u0131n Bozdo\u011fan il\u00e7esinde babas\u0131n\u0131n kulland\u0131\u011f\u0131 trakt\u00f6r\u00fcn alt\u0131nda kalan 3 ya\u015f\u0131ndaki Umut Eymen Sakarya a\u011f\u0131r yaral\u0131 olarak kald\u0131r\u0131ld\u0131\u011f\u0131 hastanede hayat\u0131n\u0131 kaybetti.<\/p>\n<p>Olay, d\u00fcn ak\u015fam saatlerinde \u00d6rt\u00fcl\u00fc Mahallesi\u2019nde meydana geldi. Edinilen bilgiye g\u00f6re, F. Sakarya (35) 09 AOE 474 plakal\u0131 trakt\u00f6r ile tarlada geri manevra yapt\u0131\u011f\u0131 s\u0131rada o\u011flu Umut Eymen Sakarya\u2019y\u0131 (3) g\u00f6rmedi. Trakt\u00f6r\u00fcn alt\u0131nda kalan minkn \u00e7ocuk a\u011f\u0131r \u015fekilde yaraland\u0131. Yap\u0131lan ihbar\u0131n ard\u0131ndan b\u00f6lgeye acil sa\u011fl\u0131k ve jandarma ekipleri sevk edildi. Ambulans ile Bozdo\u011fan Devlet Hastanesi\u2019ne sevk edilen minik umut burada yap\u0131lan t\u00fcm m\u00fcdahalelere ra\u011fmen hayat\u0131n\u0131 kaybetti. Minik Umut\u2019un \u00f6l\u00fcm\u00fc ailesini ve yak\u0131nlar\u0131n\u0131 yasa bo\u011farken, olayla ilgi soru\u015fturman\u0131n devam etti\u011fi \u00f6\u011frenildi.<br \/><\/p>\n","protected":false},"excerpt":{"rendered":"<p>Ayd\u0131n\u2019\u0131n Bozdo\u011fan il\u00e7esinde babas\u0131n\u0131n kulland\u0131\u011f\u0131 trakt\u00f6r\u00fcn alt\u0131nda kalan 3 ya\u015f\u0131ndaki Umut Eymen Sakarya a\u011f\u0131r yaral\u0131 olarak kald\u0131r\u0131ld\u0131\u011f\u0131 hastanede hayat\u0131n\u0131 kaybetti. Olay, d\u00fcn ak\u015fam saatlerinde \u00d6rt\u00fcl\u00fc Mahallesi\u2019nde meydana geldi. Edinilen bilgiye g\u00f6re, F. Sakarya (35) 09 AOE 474 plakal\u0131 trakt\u00f6r ile tarlada geri manevra yapt\u0131\u011f\u0131 s\u0131rada o\u011flu Umut Eymen Sakarya\u2019y\u0131 (3) g\u00f6rmedi. Trakt\u00f6r\u00fcn alt\u0131nda kalan minkn&#8230;<\/p>\n","protected":false},"author":1,"featured_media":40336,"comment_status":"open","ping_status":"open","sticky":false,"template":"","format":"standard","meta":{"_crdt_document":"","footnotes":""},"categories":[5],"tags":[],"class_list":["post-40335","post","type-post","status-publish","format-standard","has-post-thumbnail","hentry","category-asayis"],"_links":{"self":[{"href":"https:\/\/www.egemtv.com\/index.php?rest_route=\/wp\/v2\/posts\/40335","targetHints":{"allow":["GET"]}}],"collection":[{"href":"https:\/\/www.egemtv.com\/index.php?rest_route=\/wp\/v2\/posts"}],"about":[{"href":"https:\/\/www.egemtv.com\/index.php?rest_route=\/wp\/v2\/types\/post"}],"author":[{"embeddable":true,"href":"https:\/\/www.egemtv.com\/index.php?rest_route=\/wp\/v2\/users\/1"}],"replies":[{"embeddable":true,"href":"https:\/\/www.egemtv.com\/index.php?rest_route=%2Fwp%2Fv2%2Fcomments&post=40335"}],"version-history":[{"count":1,"href":"https:\/\/www.egemtv.com\/index.php?rest_route=\/wp\/v2\/posts\/40335\/revisions"}],"predecessor-version":[{"id":40337,"href":"https:\/\/www.egemtv.com\/index.php?rest_route=\/wp\/v2\/posts\/40335\/revisions\/40337"}],"wp:featuredmedia":[{"embeddable":true,"href":"https:\/\/www.egemtv.com\/index.php?rest_route=\/wp\/v2\/media\/40336"}],"wp:attachment":[{"href":"https:\/\/www.egemtv.com\/index.php?rest_route=%2Fwp%2Fv2%2Fmedia&parent=40335"}],"wp:term":[{"taxonomy":"category","embeddable":true,"href":"https:\/\/www.egemtv.com\/index.php?rest_route=%2Fwp%2Fv2%2Fcategories&post=40335"},{"taxonomy":"post_tag","embeddable":true,"href":"https:\/\/www.egemtv.com\/index.php?rest_route=%2Fwp%2Fv2%2Ftags&post=40335"}],"curies":[{"name":"wp","href":"https:\/\/api.w.org\/{rel}","templated":true}]}}