{"id":40332,"date":"2025-07-07T10:36:56","date_gmt":"2025-07-07T07:36:56","guid":{"rendered":"https:\/\/www.egemtv.com\/?p=40332"},"modified":"2025-07-07T10:37:00","modified_gmt":"2025-07-07T07:37:00","slug":"ekodosd-baskani-surucu-uyardi-aydin-olmez-cicegi-parmakla-sayilacak-kadar-kaldi","status":"publish","type":"post","link":"https:\/\/www.egemtv.com\/?p=40332","title":{"rendered":"EKODOSD Ba\u015fkan\u0131 S\u00fcr\u00fcc\u00fc uyard\u0131: &#8220;Ayd\u0131n \u00d6lmez \u00e7i\u00e7e\u011fi parmakla say\u0131lacak kadar kald\u0131&#8221;"},"content":{"rendered":"<p>Ayd\u0131n\u2019da yaln\u0131zca belirli y\u00fckseltilerde yeti\u015fen, endemik bir t\u00fcr olan \u2019Ayd\u0131n \u00d6lmez \u00c7i\u00e7e\u011fi\u2019 (Helichrysum heywoodianum) yok olma tehlikesiyle kar\u015f\u0131 kar\u015f\u0131ya. EKODOSD Ba\u015fkan\u0131 Bahattin S\u00fcr\u00fcc\u00fc, bitkinin ya\u015fam alanlar\u0131n\u0131n tahrip edildi\u011fini ve t\u00fcr\u00fcn kritik d\u00fczeyde tehlike alt\u0131nda oldu\u011funu a\u00e7\u0131klad\u0131.<\/p>\n<p>Ekosistemi Koruma ve Do\u011fa Sevenler Derne\u011fi (EKODOSD) Ba\u015fkan\u0131 Bahattin S\u00fcr\u00fcc\u00fc yapt\u0131\u011f\u0131 yaz\u0131l\u0131 a\u00e7\u0131klamada, Ayd\u0131n\u2019a \u00f6zg\u00fc ve sadece Ku\u015fadas\u0131\u2019n\u0131n Kirazl\u0131 b\u00f6lgesindeki da\u011fl\u0131k alanlarda g\u00f6r\u00fclen Ayd\u0131n \u00d6lmez \u00c7i\u00e7e\u011fi\u2019nin (Halk aras\u0131nda Kadimalt\u0131notu) b\u00fcy\u00fck \u00f6l\u00e7\u00fcde yok oldu\u011funu s\u00f6yledi. S\u00fcr\u00fcc\u00fc, &#8220;Bu endemik t\u00fcr, ilk olarak 1960\u2019l\u0131 y\u0131llarda \u0130ngiliz botanik\u00e7i Davis taraf\u0131ndan Priene Antik Kenti \u00fcstlerindeki Samson Da\u011flar\u0131\u2019nda ke\u015ffedilmi\u015fti. Bitkinin ilk bulundu\u011fu bu b\u00f6lgede art\u0131k varl\u0131\u011f\u0131na rastlanm\u0131yor olabilir&#8221; dedi.<\/p>\n<p>Ba\u015fkan S\u00fcr\u00fcc\u00fc, y\u0131llard\u0131r b\u00f6lgede d\u00fczenli olarak yap\u0131lan g\u00f6zlemlerde, en son 11 adet bireyin tespit edildi\u011fi ancak ge\u00e7ti\u011fimiz y\u0131l yaln\u0131zca 3\u2019\u00fcn\u00fcn canl\u0131 olarak kald\u0131\u011f\u0131n\u0131n g\u00f6r\u00fcld\u00fc\u011f\u00fc belirten ve bu durumun endemik bitkinin t\u00fckenme noktas\u0131na geldi\u011fini g\u00f6sterdi\u011fini vurgulad\u0131.<\/p>\n<p>A\u00e7\u0131klamas\u0131n\u0131n sonunda yetkileri uyaran S\u00fcr\u00fcc\u00fc, &#8220;B\u00f6lgedeki biyolojik \u00e7e\u015fitlilik b\u00fcy\u00fck bir zenginlik bar\u0131nd\u0131r\u0131yor. Ancak ekonomik kayg\u0131larla yap\u0131lan projeler, bu zenginli\u011fi g\u00f6z ard\u0131 ediyor. R\u00fczgar enerjisi \u00f6nemlidir, ancak yanl\u0131\u015f yere yap\u0131l\u0131rsa do\u011faya geri d\u00f6n\u00fc\u015f\u00fc olmayan zararlar verir&#8221; diyerek yetkilileri daha dikkatli olmaya \u00e7a\u011f\u0131rd\u0131.<br \/><\/p>\n","protected":false},"excerpt":{"rendered":"<p>Ayd\u0131n\u2019da yaln\u0131zca belirli y\u00fckseltilerde yeti\u015fen, endemik bir t\u00fcr olan \u2019Ayd\u0131n \u00d6lmez \u00c7i\u00e7e\u011fi\u2019 (Helichrysum heywoodianum) yok olma tehlikesiyle kar\u015f\u0131 kar\u015f\u0131ya. EKODOSD Ba\u015fkan\u0131 Bahattin S\u00fcr\u00fcc\u00fc, bitkinin ya\u015fam alanlar\u0131n\u0131n tahrip edildi\u011fini ve t\u00fcr\u00fcn kritik d\u00fczeyde tehlike alt\u0131nda oldu\u011funu a\u00e7\u0131klad\u0131. Ekosistemi Koruma ve Do\u011fa Sevenler Derne\u011fi (EKODOSD) Ba\u015fkan\u0131 Bahattin S\u00fcr\u00fcc\u00fc yapt\u0131\u011f\u0131 yaz\u0131l\u0131 a\u00e7\u0131klamada, Ayd\u0131n\u2019a \u00f6zg\u00fc ve sadece Ku\u015fadas\u0131\u2019n\u0131n Kirazl\u0131&#8230;<\/p>\n","protected":false},"author":1,"featured_media":40333,"comment_status":"open","ping_status":"open","sticky":false,"template":"","format":"standard","meta":{"_crdt_document":"","footnotes":""},"categories":[1],"tags":[],"class_list":["post-40332","post","type-post","status-publish","format-standard","has-post-thumbnail","hentry","category-guncel"],"_links":{"self":[{"href":"https:\/\/www.egemtv.com\/index.php?rest_route=\/wp\/v2\/posts\/40332","targetHints":{"allow":["GET"]}}],"collection":[{"href":"https:\/\/www.egemtv.com\/index.php?rest_route=\/wp\/v2\/posts"}],"about":[{"href":"https:\/\/www.egemtv.com\/index.php?rest_route=\/wp\/v2\/types\/post"}],"author":[{"embeddable":true,"href":"https:\/\/www.egemtv.com\/index.php?rest_route=\/wp\/v2\/users\/1"}],"replies":[{"embeddable":true,"href":"https:\/\/www.egemtv.com\/index.php?rest_route=%2Fwp%2Fv2%2Fcomments&post=40332"}],"version-history":[{"count":1,"href":"https:\/\/www.egemtv.com\/index.php?rest_route=\/wp\/v2\/posts\/40332\/revisions"}],"predecessor-version":[{"id":40334,"href":"https:\/\/www.egemtv.com\/index.php?rest_route=\/wp\/v2\/posts\/40332\/revisions\/40334"}],"wp:featuredmedia":[{"embeddable":true,"href":"https:\/\/www.egemtv.com\/index.php?rest_route=\/wp\/v2\/media\/40333"}],"wp:attachment":[{"href":"https:\/\/www.egemtv.com\/index.php?rest_route=%2Fwp%2Fv2%2Fmedia&parent=40332"}],"wp:term":[{"taxonomy":"category","embeddable":true,"href":"https:\/\/www.egemtv.com\/index.php?rest_route=%2Fwp%2Fv2%2Fcategories&post=40332"},{"taxonomy":"post_tag","embeddable":true,"href":"https:\/\/www.egemtv.com\/index.php?rest_route=%2Fwp%2Fv2%2Ftags&post=40332"}],"curies":[{"name":"wp","href":"https:\/\/api.w.org\/{rel}","templated":true}]}}