{"id":40329,"date":"2025-07-07T10:36:51","date_gmt":"2025-07-07T07:36:51","guid":{"rendered":"https:\/\/www.egemtv.com\/?p=40329"},"modified":"2025-07-07T10:36:56","modified_gmt":"2025-07-07T07:36:56","slug":"sultanhisar-ilce-tarim-ve-orman-mudurlugu-aricilari-uyardi","status":"publish","type":"post","link":"https:\/\/www.egemtv.com\/?p=40329","title":{"rendered":"Sultanhisar \u0130l\u00e7e Tar\u0131m ve Orman M\u00fcd\u00fcrl\u00fc\u011f\u00fc ar\u0131c\u0131lar\u0131 uyard\u0131"},"content":{"rendered":"<p>Ayd\u0131n\u2019\u0131n Sultanhisar il\u00e7esinde orman yang\u0131nlar\u0131na kar\u015f\u0131 al\u0131nan \u00f6nlemler kapsam\u0131nda, ar\u0131c\u0131lara y\u00f6nelik yeni d\u00fczenlemeler getirildi. \u0130l\u00e7e Tar\u0131m ve Orman M\u00fcd\u00fcrl\u00fc\u011f\u00fc taraf\u0131ndan yap\u0131lan a\u00e7\u0131klamada, ar\u0131 konaklamas\u0131 yapan \u00fcreticilerin yang\u0131n s\u00f6nd\u00fcrme t\u00fcp\u00fc bulundurma zorunlulu\u011fu ve ormanl\u0131k alanlara ge\u00e7ici yasak karar\u0131 duyuruldu.<\/p>\n<p>Sultanhisar \u0130l\u00e7e Tar\u0131m ve Orman M\u00fcd\u00fcrl\u00fc\u011f\u00fc, Orman Yang\u0131nlar\u0131 \u0130le M\u00fccadele Komisyonu kararlar\u0131 do\u011frultusunda ar\u0131c\u0131lara y\u00f6nelik yeni uygulamalar\u0131 kamuoyuyla payla\u015ft\u0131. Yap\u0131lan a\u00e7\u0131klamada \u015fu ifadelere yer verildi: &#8220;Ayd\u0131n \u0130li Sultanhisar \u0130l\u00e7esi Orman Yang\u0131nlar\u0131 \u0130le M\u00fccadele Komisyon Karar\u0131 gere\u011fi, il\u00e7emiz s\u0131n\u0131rlar\u0131 i\u00e7inde konaklama yapan ar\u0131c\u0131lar\u0131n her ar\u0131 konaklama yerinde 2 adet 6 kg.l\u0131k yang\u0131n s\u00f6nd\u00fcrme t\u00fcp\u00fc bulundurmalar\u0131 gerekmektedir. Ayr\u0131ca Ayd\u0131n ili genelinde ormanl\u0131k alanlara ar\u0131 konaklamas\u0131 15 A\u011fustos 2025 tarihine kadar yasaklanm\u0131\u015ft\u0131r&#8221; Tar\u0131m ve Orman M\u00fcd\u00fcrl\u00fc\u011f\u00fc yetkilileri, al\u0131nan kararlara uymayanlar hakk\u0131nda yasal i\u015flem uygulanaca\u011f\u0131n\u0131 hat\u0131rlatt\u0131.<\/p>\n<p>Yetkililer, \u00f6zellikle yaz aylar\u0131nda artan s\u0131cakl\u0131klar ve kurakl\u0131kla birlikte orman yang\u0131n\u0131 riskinin ciddi \u015fekilde y\u00fckseldi\u011fini belirterek, t\u00fcm \u00fcreticilerin daha dikkatli ve duyarl\u0131 olmas\u0131n\u0131 istedi.<br \/><\/p>\n","protected":false},"excerpt":{"rendered":"<p>Ayd\u0131n\u2019\u0131n Sultanhisar il\u00e7esinde orman yang\u0131nlar\u0131na kar\u015f\u0131 al\u0131nan \u00f6nlemler kapsam\u0131nda, ar\u0131c\u0131lara y\u00f6nelik yeni d\u00fczenlemeler getirildi. \u0130l\u00e7e Tar\u0131m ve Orman M\u00fcd\u00fcrl\u00fc\u011f\u00fc taraf\u0131ndan yap\u0131lan a\u00e7\u0131klamada, ar\u0131 konaklamas\u0131 yapan \u00fcreticilerin yang\u0131n s\u00f6nd\u00fcrme t\u00fcp\u00fc bulundurma zorunlulu\u011fu ve ormanl\u0131k alanlara ge\u00e7ici yasak karar\u0131 duyuruldu. Sultanhisar \u0130l\u00e7e Tar\u0131m ve Orman M\u00fcd\u00fcrl\u00fc\u011f\u00fc, Orman Yang\u0131nlar\u0131 \u0130le M\u00fccadele Komisyonu kararlar\u0131 do\u011frultusunda ar\u0131c\u0131lara y\u00f6nelik yeni uygulamalar\u0131&#8230;<\/p>\n","protected":false},"author":1,"featured_media":40330,"comment_status":"open","ping_status":"open","sticky":false,"template":"","format":"standard","meta":{"_crdt_document":"","footnotes":""},"categories":[1],"tags":[],"class_list":["post-40329","post","type-post","status-publish","format-standard","has-post-thumbnail","hentry","category-guncel"],"_links":{"self":[{"href":"https:\/\/www.egemtv.com\/index.php?rest_route=\/wp\/v2\/posts\/40329","targetHints":{"allow":["GET"]}}],"collection":[{"href":"https:\/\/www.egemtv.com\/index.php?rest_route=\/wp\/v2\/posts"}],"about":[{"href":"https:\/\/www.egemtv.com\/index.php?rest_route=\/wp\/v2\/types\/post"}],"author":[{"embeddable":true,"href":"https:\/\/www.egemtv.com\/index.php?rest_route=\/wp\/v2\/users\/1"}],"replies":[{"embeddable":true,"href":"https:\/\/www.egemtv.com\/index.php?rest_route=%2Fwp%2Fv2%2Fcomments&post=40329"}],"version-history":[{"count":1,"href":"https:\/\/www.egemtv.com\/index.php?rest_route=\/wp\/v2\/posts\/40329\/revisions"}],"predecessor-version":[{"id":40331,"href":"https:\/\/www.egemtv.com\/index.php?rest_route=\/wp\/v2\/posts\/40329\/revisions\/40331"}],"wp:featuredmedia":[{"embeddable":true,"href":"https:\/\/www.egemtv.com\/index.php?rest_route=\/wp\/v2\/media\/40330"}],"wp:attachment":[{"href":"https:\/\/www.egemtv.com\/index.php?rest_route=%2Fwp%2Fv2%2Fmedia&parent=40329"}],"wp:term":[{"taxonomy":"category","embeddable":true,"href":"https:\/\/www.egemtv.com\/index.php?rest_route=%2Fwp%2Fv2%2Fcategories&post=40329"},{"taxonomy":"post_tag","embeddable":true,"href":"https:\/\/www.egemtv.com\/index.php?rest_route=%2Fwp%2Fv2%2Ftags&post=40329"}],"curies":[{"name":"wp","href":"https:\/\/api.w.org\/{rel}","templated":true}]}}