{"id":40326,"date":"2025-07-07T10:36:46","date_gmt":"2025-07-07T07:36:46","guid":{"rendered":"https:\/\/www.egemtv.com\/?p=40326"},"modified":"2025-07-07T10:36:50","modified_gmt":"2025-07-07T07:36:50","slug":"genc-kiz-5-kattan-duserek-hayatini-kaybetti","status":"publish","type":"post","link":"https:\/\/www.egemtv.com\/?p=40326","title":{"rendered":"Gen\u00e7 k\u0131z 5. kattan d\u00fc\u015ferek hayat\u0131n\u0131 kaybetti"},"content":{"rendered":"<p>Denizli\u2019de 24 ya\u015f\u0131ndaki gen\u00e7 k\u0131z ya\u015fad\u0131\u011f\u0131 dairenin dairenin 5. kat\u0131ndan d\u00fc\u015ferek ya\u015fam\u0131n\u0131 yitirdi.<br \/>\n<br \/>Olay, Bozkurt il\u00e7esi Mehmet\u00e7ik Mahallesi\u2019nde meydana geldi. Edinilen bilgilere g\u00f6re Sudenaz \u015eahin (24), evinin bulundu\u011fu 5. kattan  d\u00fc\u015ferek a\u011f\u0131r yaralad\u0131. \u00c7evredeki vatanda\u015flar\u0131n ihbar\u0131 \u00fczerine b\u00f6lgeye polis ve sa\u011fl\u0131k ekipleri sevk edildi. olay yerindeki ilk m\u00fcdahalenin ard\u0131ndan \u00c7ardak Devlet Hastanesine kald\u0131r\u0131lan gen\u00e7 k\u0131z burada doktorlar\u0131n t\u00fcm m\u00fcdahalesine ra\u011fmen ya\u015fam\u0131n\u0131 yitirdi. Gen\u00e7 k\u0131z\u0131n cenazesi otopsi yap\u0131lmak \u00fczere Adli T\u0131p Kurumu Denizli Grup Ba\u015fkanl\u0131\u011f\u0131 morguna kald\u0131r\u0131ld\u0131. Hafif zihinsel engeli oldu\u011fu \u00f6\u011frenilen Sudenaz \u015eahin\u2019in psikolojik sorunlar\u0131n\u0131n oldu\u011fu belirtildi.<br \/><\/p>\n","protected":false},"excerpt":{"rendered":"<p>Denizli\u2019de 24 ya\u015f\u0131ndaki gen\u00e7 k\u0131z ya\u015fad\u0131\u011f\u0131 dairenin dairenin 5. kat\u0131ndan d\u00fc\u015ferek ya\u015fam\u0131n\u0131 yitirdi. Olay, Bozkurt il\u00e7esi Mehmet\u00e7ik Mahallesi\u2019nde meydana geldi. Edinilen bilgilere g\u00f6re Sudenaz \u015eahin (24), evinin bulundu\u011fu 5. kattan d\u00fc\u015ferek a\u011f\u0131r yaralad\u0131. \u00c7evredeki vatanda\u015flar\u0131n ihbar\u0131 \u00fczerine b\u00f6lgeye polis ve sa\u011fl\u0131k ekipleri sevk edildi. olay yerindeki ilk m\u00fcdahalenin ard\u0131ndan \u00c7ardak Devlet Hastanesine kald\u0131r\u0131lan gen\u00e7 k\u0131z&#8230;<\/p>\n","protected":false},"author":1,"featured_media":40327,"comment_status":"open","ping_status":"open","sticky":false,"template":"","format":"standard","meta":{"_crdt_document":"","footnotes":""},"categories":[5],"tags":[],"class_list":["post-40326","post","type-post","status-publish","format-standard","has-post-thumbnail","hentry","category-asayis"],"_links":{"self":[{"href":"https:\/\/www.egemtv.com\/index.php?rest_route=\/wp\/v2\/posts\/40326","targetHints":{"allow":["GET"]}}],"collection":[{"href":"https:\/\/www.egemtv.com\/index.php?rest_route=\/wp\/v2\/posts"}],"about":[{"href":"https:\/\/www.egemtv.com\/index.php?rest_route=\/wp\/v2\/types\/post"}],"author":[{"embeddable":true,"href":"https:\/\/www.egemtv.com\/index.php?rest_route=\/wp\/v2\/users\/1"}],"replies":[{"embeddable":true,"href":"https:\/\/www.egemtv.com\/index.php?rest_route=%2Fwp%2Fv2%2Fcomments&post=40326"}],"version-history":[{"count":1,"href":"https:\/\/www.egemtv.com\/index.php?rest_route=\/wp\/v2\/posts\/40326\/revisions"}],"predecessor-version":[{"id":40328,"href":"https:\/\/www.egemtv.com\/index.php?rest_route=\/wp\/v2\/posts\/40326\/revisions\/40328"}],"wp:featuredmedia":[{"embeddable":true,"href":"https:\/\/www.egemtv.com\/index.php?rest_route=\/wp\/v2\/media\/40327"}],"wp:attachment":[{"href":"https:\/\/www.egemtv.com\/index.php?rest_route=%2Fwp%2Fv2%2Fmedia&parent=40326"}],"wp:term":[{"taxonomy":"category","embeddable":true,"href":"https:\/\/www.egemtv.com\/index.php?rest_route=%2Fwp%2Fv2%2Fcategories&post=40326"},{"taxonomy":"post_tag","embeddable":true,"href":"https:\/\/www.egemtv.com\/index.php?rest_route=%2Fwp%2Fv2%2Ftags&post=40326"}],"curies":[{"name":"wp","href":"https:\/\/api.w.org\/{rel}","templated":true}]}}