{"id":40323,"date":"2025-07-07T10:16:25","date_gmt":"2025-07-07T07:16:25","guid":{"rendered":"https:\/\/www.egemtv.com\/?p=40323"},"modified":"2025-07-07T10:16:30","modified_gmt":"2025-07-07T07:16:30","slug":"izmir-ekonomiden-lisansustu-egitimde-burs-hamlesi","status":"publish","type":"post","link":"https:\/\/www.egemtv.com\/?p=40323","title":{"rendered":"\u0130zmir Ekonomi\u2019den lisans\u00fcst\u00fc e\u011fitimde \u2018burs\u2019 hamlesi"},"content":{"rendered":"<p>\u0130zmir Ekonomi \u00dcniversitesi (\u0130E\u00dc), lisans\u00fcst\u00fc e\u011fitim alarak akademik kariyerlerini g\u00fc\u00e7lendirmek ve kendilerine yeni i\u015f f\u0131rsatlar\u0131 olu\u015fturmak isteyen gen\u00e7lere sundu\u011fu \u2018burs\u2019 f\u0131rsatlar\u0131n\u0131 art\u0131rd\u0131. 2025-2026 Akademik Y\u0131l\u0131 itibar\u0131yla 27 y\u00fcksek lisans program\u0131nda tam \u00fccretli kontenjanlar\u0131 tamamen kald\u0131ran \u0130E\u00dc, \u00f6\u011frencilere y\u00fczde 50 ya da y\u00fczde 100 bursla okuma imkan\u0131 sunacak. Y\u00fcksek lisans\u0131n yan\u0131 s\u0131ra 9 doktora program\u0131nda da y\u00fczde 100 burs ve destek paketleri sa\u011flanacak.<br \/>\n<br \/>\u0130E\u00dc Lisans\u00fcst\u00fc E\u011fitim Enstit\u00fcs\u00fc M\u00fcd\u00fcr\u00fc Prof. Dr. Mehmet Efe Biresselio\u011flu, \u00e7evrim i\u00e7i ger\u00e7ekle\u015ftirilen ve yakla\u015f\u0131k 200 aday\u0131n kat\u0131ld\u0131\u011f\u0131 tan\u0131t\u0131m toplant\u0131s\u0131nda yapt\u0131\u011f\u0131 a\u00e7\u0131klamada, yeni d\u00f6nem i\u00e7in ba\u015fvurular\u0131n 15 A\u011fustos\u2019a kadar s\u00fcrece\u011fini belirtti. Adaylar\u0131n, \u00fcniversitenin web sitesi \u00fczerinden detayl\u0131 bilgilere ve kontenjanlara ula\u015fabilece\u011fini s\u00f6yleyen Prof. Dr. Biresselio\u011flu, lisans\u00fcst\u00fc e\u011fitimin, \u00fcniversitenin bilimsel ve toplumsal katk\u0131 misyonunun merkezinde yer ald\u0131\u011f\u0131n\u0131 vurgulad\u0131. Prof. Dr. Biresselio\u011flu, &#8220;Y\u00fcksek lisans ve doktora e\u011fitimi bizim i\u00e7in yaln\u0131zca bir \u00fcnvan de\u011fil; bilgi \u00fcretmenin, etki sa\u011flaman\u0131n ve gelece\u011fi \u015fekillendirmenin en etkili yollar\u0131ndan biri. Mezunlar i\u00e7in i\u015f d\u00fcnyas\u0131nda ayr\u0131\u015fma; \u00e7al\u0131\u015fanlar i\u00e7in kariyer d\u00f6n\u00fc\u015f\u00fcm\u00fc; akademisyen adaylar\u0131 i\u00e7in de g\u00fc\u00e7l\u00fc bir ara\u015ft\u0131rma altyap\u0131s\u0131 sunuyoruz&#8221; dedi.<\/p>\n<p>&#8220;Gelece\u011fi in\u015fa ediyoruz&#8221;<br \/>\n<br \/>\u2018\u00d6\u011frencilerimizi sadece gelece\u011fe haz\u0131rlam\u0131yoruz; onlarla birlikte gelece\u011fi in\u015fa ediyoruz\u2019 diyen Prof. Dr. Biresselio\u011flu, &#8220;\u00dcniversitemizin burs politikas\u0131; ayn\u0131 zamanda kapsay\u0131c\u0131, \u00fcretken ve \u00e7\u00f6z\u00fcm odakl\u0131 bir akademik iklim olu\u015fturma stratejisinin temel bir par\u00e7as\u0131. Burslu kontenjanlarla birlikte y\u00fcksek lisans ve doktora programlar\u0131, gen\u00e7lerin akademik geli\u015fimini desteklerken, \u00fcniversitenin bilgi temelli toplumsal katk\u0131 vizyonunu da ileriye ta\u015f\u0131yor. \u00dcniversite olarak att\u0131\u011f\u0131m\u0131z bu ad\u0131m, yaln\u0131zca bireysel kariyerleri desteklemek de\u011fil; bilgiye dayal\u0131 bir gelece\u011fin kap\u0131lar\u0131n\u0131 aralamak ve yeni nesil ara\u015ft\u0131rmac\u0131lara yol a\u00e7makt\u0131r&#8221; ifadelerini kulland\u0131.<\/p>\n<p>&#8220;Yol arkada\u015fl\u0131\u011f\u0131 yap\u0131lacak&#8221;<br \/>\n<br \/>\u0130zmir Ekonomi \u00dcniversitesi\u2019ndeki her \u00f6\u011frencinin, \u00f6\u011frenim s\u00fcresi boyunca alan\u0131nda uzman bir akademisyen taraf\u0131ndan desteklenece\u011fini ve dan\u0131\u015fmanl\u0131k hizmeti alaca\u011f\u0131n\u0131 ifade eden Prof Dr. Biresselio\u011flu, &#8220;Bu sistem; tezli programlarda tez, tezsiz programlarda ise d\u00f6nem projeleri s\u00fcrecini kapsayan, ki\u015fiselle\u015ftirilmi\u015f bir akademik yol arkada\u015fl\u0131\u011f\u0131 sunacak&#8221; diye konu\u015ftu.<br \/><\/p>\n","protected":false},"excerpt":{"rendered":"<p>\u0130zmir Ekonomi \u00dcniversitesi (\u0130E\u00dc), lisans\u00fcst\u00fc e\u011fitim alarak akademik kariyerlerini g\u00fc\u00e7lendirmek ve kendilerine yeni i\u015f f\u0131rsatlar\u0131 olu\u015fturmak isteyen gen\u00e7lere sundu\u011fu \u2018burs\u2019 f\u0131rsatlar\u0131n\u0131 art\u0131rd\u0131. 2025-2026 Akademik Y\u0131l\u0131 itibar\u0131yla 27 y\u00fcksek lisans program\u0131nda tam \u00fccretli kontenjanlar\u0131 tamamen kald\u0131ran \u0130E\u00dc, \u00f6\u011frencilere y\u00fczde 50 ya da y\u00fczde 100 bursla okuma imkan\u0131 sunacak. Y\u00fcksek lisans\u0131n yan\u0131 s\u0131ra 9 doktora program\u0131nda da&#8230;<\/p>\n","protected":false},"author":1,"featured_media":40324,"comment_status":"open","ping_status":"open","sticky":false,"template":"","format":"standard","meta":{"_crdt_document":"","footnotes":""},"categories":[1],"tags":[],"class_list":["post-40323","post","type-post","status-publish","format-standard","has-post-thumbnail","hentry","category-guncel"],"_links":{"self":[{"href":"https:\/\/www.egemtv.com\/index.php?rest_route=\/wp\/v2\/posts\/40323","targetHints":{"allow":["GET"]}}],"collection":[{"href":"https:\/\/www.egemtv.com\/index.php?rest_route=\/wp\/v2\/posts"}],"about":[{"href":"https:\/\/www.egemtv.com\/index.php?rest_route=\/wp\/v2\/types\/post"}],"author":[{"embeddable":true,"href":"https:\/\/www.egemtv.com\/index.php?rest_route=\/wp\/v2\/users\/1"}],"replies":[{"embeddable":true,"href":"https:\/\/www.egemtv.com\/index.php?rest_route=%2Fwp%2Fv2%2Fcomments&post=40323"}],"version-history":[{"count":1,"href":"https:\/\/www.egemtv.com\/index.php?rest_route=\/wp\/v2\/posts\/40323\/revisions"}],"predecessor-version":[{"id":40325,"href":"https:\/\/www.egemtv.com\/index.php?rest_route=\/wp\/v2\/posts\/40323\/revisions\/40325"}],"wp:featuredmedia":[{"embeddable":true,"href":"https:\/\/www.egemtv.com\/index.php?rest_route=\/wp\/v2\/media\/40324"}],"wp:attachment":[{"href":"https:\/\/www.egemtv.com\/index.php?rest_route=%2Fwp%2Fv2%2Fmedia&parent=40323"}],"wp:term":[{"taxonomy":"category","embeddable":true,"href":"https:\/\/www.egemtv.com\/index.php?rest_route=%2Fwp%2Fv2%2Fcategories&post=40323"},{"taxonomy":"post_tag","embeddable":true,"href":"https:\/\/www.egemtv.com\/index.php?rest_route=%2Fwp%2Fv2%2Ftags&post=40323"}],"curies":[{"name":"wp","href":"https:\/\/api.w.org\/{rel}","templated":true}]}}