{"id":40320,"date":"2025-07-07T10:16:22","date_gmt":"2025-07-07T07:16:22","guid":{"rendered":"https:\/\/www.egemtv.com\/?p=40320"},"modified":"2025-07-07T10:16:25","modified_gmt":"2025-07-07T07:16:25","slug":"yolu-boks-ringine-dondurmuslerdi-adli-kontrolle-serbest-kaldilar","status":"publish","type":"post","link":"https:\/\/www.egemtv.com\/?p=40320","title":{"rendered":"Yolu boks ringine d\u00f6nd\u00fcrm\u00fc\u015flerdi, adli kontrolle serbest kald\u0131lar"},"content":{"rendered":"<p>\u0130zmir\u2019in Bornova il\u00e7esinde bir motosiklet s\u00fcr\u00fcc\u00fcs\u00fc ile taksi \u015fof\u00f6r\u00fc aras\u0131nda ya\u015fanan, yoldaki vatanda\u015flar taraf\u0131ndan cep telefonu kameras\u0131na yans\u0131yan kavgayla ilgili 2 s\u00fcr\u00fcc\u00fc de g\u00f6zalt\u0131na al\u0131nd\u0131. Emniyetteki i\u015flemlerinin ard\u0131ndan savc\u0131l\u0131\u011fa \u00e7\u0131kan kavgan\u0131n 2 taraf\u0131 da adli kontrol \u015fart\u0131yla serbest kald\u0131.<\/p>\n<p>Trafikte \u015fiddet olaylar\u0131 t\u00fcm uyar\u0131lara ve y\u00fcksek cezalara ra\u011fmen devam ediyor. Bunun son \u00f6rne\u011fi d\u00fcn \u0130zmir\u2019de ya\u015fand\u0131. \u0130zmir Bornova\u2019da Ege \u00dcniversitesi kav\u015fa\u011f\u0131nda iddiaya g\u00f6re motosiklet s\u00fcr\u00fcc\u00fcs\u00fc A.Y. (27) ile ticari taksi s\u00fcr\u00fcc\u00fcs\u00fc S.T. (44) aras\u0131nda yol verme anla\u015fmazl\u0131\u011f\u0131 ya\u015fand\u0131. Motosikletten inen s\u00fcr\u00fcc\u00fc kask\u0131n\u0131 \u00e7\u0131kararak taksiciye sald\u0131rd\u0131. Cama defalarca vurarak k\u0131rmaya \u00e7al\u0131\u015fan motorlu \u015fah\u0131s ile otomobilden inen taksici aras\u0131nda yumrukla\u015fma ba\u015flad\u0131. Kavga, \u00e7evredeki vatanda\u015flar\u0131n araya girmesiyle son buldu. Motosikletli \u015fah\u0131s, vatanda\u015flar\u0131n m\u00fcdahalesiyle olay yerinden g\u00fc\u00e7l\u00fckle uzakla\u015f\u0131rken ya\u015fananlar ise cep telefonu kameras\u0131yla kaydedildi. Emniyet g\u00f6revlileri olay yerine gelmeden her ikisi de yoluna devam etti.<\/p>\n<p>G\u00f6r\u00fcnt\u00fclerin ard\u0131ndan harekete ge\u00e7en polis ekipleri, A.Y. ve S.T.\u2019yi tespit edip g\u00f6zalt\u0131na ald\u0131. Taraflar birbirinden davac\u0131 ve \u015fikayet\u00e7i olmamas\u0131na ra\u011fmen savc\u0131l\u0131k taraf\u0131ndan ifadeye \u00e7a\u011fr\u0131ld\u0131. 2 ki\u015fi de, \u00e7\u0131kar\u0131ld\u0131klar\u0131 mahkemece adli kontrol \u015fart\u0131yla serbest kald\u0131.<br \/><\/p>\n","protected":false},"excerpt":{"rendered":"<p>\u0130zmir\u2019in Bornova il\u00e7esinde bir motosiklet s\u00fcr\u00fcc\u00fcs\u00fc ile taksi \u015fof\u00f6r\u00fc aras\u0131nda ya\u015fanan, yoldaki vatanda\u015flar taraf\u0131ndan cep telefonu kameras\u0131na yans\u0131yan kavgayla ilgili 2 s\u00fcr\u00fcc\u00fc de g\u00f6zalt\u0131na al\u0131nd\u0131. Emniyetteki i\u015flemlerinin ard\u0131ndan savc\u0131l\u0131\u011fa \u00e7\u0131kan kavgan\u0131n 2 taraf\u0131 da adli kontrol \u015fart\u0131yla serbest kald\u0131. Trafikte \u015fiddet olaylar\u0131 t\u00fcm uyar\u0131lara ve y\u00fcksek cezalara ra\u011fmen devam ediyor. Bunun son \u00f6rne\u011fi d\u00fcn \u0130zmir\u2019de&#8230;<\/p>\n","protected":false},"author":1,"featured_media":40321,"comment_status":"open","ping_status":"open","sticky":false,"template":"","format":"standard","meta":{"_crdt_document":"","footnotes":""},"categories":[5],"tags":[],"class_list":["post-40320","post","type-post","status-publish","format-standard","has-post-thumbnail","hentry","category-asayis"],"_links":{"self":[{"href":"https:\/\/www.egemtv.com\/index.php?rest_route=\/wp\/v2\/posts\/40320","targetHints":{"allow":["GET"]}}],"collection":[{"href":"https:\/\/www.egemtv.com\/index.php?rest_route=\/wp\/v2\/posts"}],"about":[{"href":"https:\/\/www.egemtv.com\/index.php?rest_route=\/wp\/v2\/types\/post"}],"author":[{"embeddable":true,"href":"https:\/\/www.egemtv.com\/index.php?rest_route=\/wp\/v2\/users\/1"}],"replies":[{"embeddable":true,"href":"https:\/\/www.egemtv.com\/index.php?rest_route=%2Fwp%2Fv2%2Fcomments&post=40320"}],"version-history":[{"count":1,"href":"https:\/\/www.egemtv.com\/index.php?rest_route=\/wp\/v2\/posts\/40320\/revisions"}],"predecessor-version":[{"id":40322,"href":"https:\/\/www.egemtv.com\/index.php?rest_route=\/wp\/v2\/posts\/40320\/revisions\/40322"}],"wp:featuredmedia":[{"embeddable":true,"href":"https:\/\/www.egemtv.com\/index.php?rest_route=\/wp\/v2\/media\/40321"}],"wp:attachment":[{"href":"https:\/\/www.egemtv.com\/index.php?rest_route=%2Fwp%2Fv2%2Fmedia&parent=40320"}],"wp:term":[{"taxonomy":"category","embeddable":true,"href":"https:\/\/www.egemtv.com\/index.php?rest_route=%2Fwp%2Fv2%2Fcategories&post=40320"},{"taxonomy":"post_tag","embeddable":true,"href":"https:\/\/www.egemtv.com\/index.php?rest_route=%2Fwp%2Fv2%2Ftags&post=40320"}],"curies":[{"name":"wp","href":"https:\/\/api.w.org\/{rel}","templated":true}]}}