{"id":40314,"date":"2025-07-07T09:57:57","date_gmt":"2025-07-07T06:57:57","guid":{"rendered":"https:\/\/www.egemtv.com\/?p=40314"},"modified":"2025-07-07T09:58:03","modified_gmt":"2025-07-07T06:58:03","slug":"vali-musa-isin-tavsanlida-dogal-yasam-alani-projesi-icin-arazi-incelemesinde-bulundu","status":"publish","type":"post","link":"https:\/\/www.egemtv.com\/?p=40314","title":{"rendered":"Vali Musa I\u015f\u0131n, Tav\u015fanl\u0131\u2019da \u2019Do\u011fal Ya\u015fam Alan\u0131 Projesi\u2019 i\u00e7in arazi incelemesinde bulundu"},"content":{"rendered":"<p>K\u00fctahya Valisi Musa I\u015f\u0131n, Tav\u015fanl\u0131 il\u00e7esinde sahipsiz hayvanlara y\u00f6nelik yap\u0131lmas\u0131 planlanan Do\u011fal Ya\u015fam Alan\u0131 Projesi kapsam\u0131nda tahsis edilen arazide incelemelerde bulundu.<br \/>\n<br \/>Proje alan\u0131nda yetkililerden detayl\u0131 bilgi alan Vali I\u015f\u0131n, do\u011fal ya\u015fam alan\u0131n\u0131n planlama s\u00fcreci, kapasitesi ve altyap\u0131 ihtiya\u00e7lar\u0131na ili\u015fkin de\u011ferlendirmelerde bulundu. Sahipsiz sokak hayvanlar\u0131n\u0131n bar\u0131nma, beslenme ve tedavi ihtiya\u00e7lar\u0131n\u0131n kar\u015f\u0131lanaca\u011f\u0131 bu alan\u0131n, hem hayvan refah\u0131na hem de toplum huzuruna \u00f6nemli katk\u0131lar sunaca\u011f\u0131 vurguland\u0131.<br \/>\n<br \/>Do\u011fal Ya\u015fam Alan\u0131 Projesi\u2019nin, sokak hayvanlar\u0131na y\u00f6nelik modern ve s\u00fcrd\u00fcr\u00fclebilir bir \u00e7\u00f6z\u00fcm sunarak, b\u00f6lge halk\u0131 i\u00e7in de g\u00fcvenli ve sa\u011fl\u0131kl\u0131 bir ya\u015fam ortam\u0131 olu\u015fturmas\u0131 hedefleniyor.<br \/><\/p>\n","protected":false},"excerpt":{"rendered":"<p>K\u00fctahya Valisi Musa I\u015f\u0131n, Tav\u015fanl\u0131 il\u00e7esinde sahipsiz hayvanlara y\u00f6nelik yap\u0131lmas\u0131 planlanan Do\u011fal Ya\u015fam Alan\u0131 Projesi kapsam\u0131nda tahsis edilen arazide incelemelerde bulundu. Proje alan\u0131nda yetkililerden detayl\u0131 bilgi alan Vali I\u015f\u0131n, do\u011fal ya\u015fam alan\u0131n\u0131n planlama s\u00fcreci, kapasitesi ve altyap\u0131 ihtiya\u00e7lar\u0131na ili\u015fkin de\u011ferlendirmelerde bulundu. Sahipsiz sokak hayvanlar\u0131n\u0131n bar\u0131nma, beslenme ve tedavi ihtiya\u00e7lar\u0131n\u0131n kar\u015f\u0131lanaca\u011f\u0131 bu alan\u0131n, hem hayvan refah\u0131na&#8230;<\/p>\n","protected":false},"author":1,"featured_media":40315,"comment_status":"open","ping_status":"open","sticky":false,"template":"","format":"standard","meta":{"_crdt_document":"","footnotes":""},"categories":[1],"tags":[],"class_list":["post-40314","post","type-post","status-publish","format-standard","has-post-thumbnail","hentry","category-guncel"],"_links":{"self":[{"href":"https:\/\/www.egemtv.com\/index.php?rest_route=\/wp\/v2\/posts\/40314","targetHints":{"allow":["GET"]}}],"collection":[{"href":"https:\/\/www.egemtv.com\/index.php?rest_route=\/wp\/v2\/posts"}],"about":[{"href":"https:\/\/www.egemtv.com\/index.php?rest_route=\/wp\/v2\/types\/post"}],"author":[{"embeddable":true,"href":"https:\/\/www.egemtv.com\/index.php?rest_route=\/wp\/v2\/users\/1"}],"replies":[{"embeddable":true,"href":"https:\/\/www.egemtv.com\/index.php?rest_route=%2Fwp%2Fv2%2Fcomments&post=40314"}],"version-history":[{"count":1,"href":"https:\/\/www.egemtv.com\/index.php?rest_route=\/wp\/v2\/posts\/40314\/revisions"}],"predecessor-version":[{"id":40316,"href":"https:\/\/www.egemtv.com\/index.php?rest_route=\/wp\/v2\/posts\/40314\/revisions\/40316"}],"wp:featuredmedia":[{"embeddable":true,"href":"https:\/\/www.egemtv.com\/index.php?rest_route=\/wp\/v2\/media\/40315"}],"wp:attachment":[{"href":"https:\/\/www.egemtv.com\/index.php?rest_route=%2Fwp%2Fv2%2Fmedia&parent=40314"}],"wp:term":[{"taxonomy":"category","embeddable":true,"href":"https:\/\/www.egemtv.com\/index.php?rest_route=%2Fwp%2Fv2%2Fcategories&post=40314"},{"taxonomy":"post_tag","embeddable":true,"href":"https:\/\/www.egemtv.com\/index.php?rest_route=%2Fwp%2Fv2%2Ftags&post=40314"}],"curies":[{"name":"wp","href":"https:\/\/api.w.org\/{rel}","templated":true}]}}