{"id":40311,"date":"2025-07-07T09:57:50","date_gmt":"2025-07-07T06:57:50","guid":{"rendered":"https:\/\/www.egemtv.com\/?p=40311"},"modified":"2025-07-07T09:57:57","modified_gmt":"2025-07-07T06:57:57","slug":"kutahyada-koruyucu-aile-senligi-etkinligi","status":"publish","type":"post","link":"https:\/\/www.egemtv.com\/?p=40311","title":{"rendered":"K\u00fctahya\u2019da &#8220;Koruyucu Aile \u015eenli\u011fi&#8221; etkinli\u011fi"},"content":{"rendered":"<p>K\u00fctahya Aile ve Sosyal Hizmetler \u0130l M\u00fcd\u00fcrl\u00fc\u011f\u00fc taraf\u0131ndan &#8220;Koruyucu Aile \u015eenli\u011fi&#8221; etkinli\u011fi d\u00fczenlendi.<br \/>\n<br \/>\u015eenliklere il protokol\u00fc, koruyucu aileler, \u00e7ocuklar ve vatanda\u015flar yo\u011fun ilgi g\u00f6sterdi. \u00c7ocuklar i\u00e7in oyun ve e\u011flence alanlar\u0131 kurulurken, ailelere y\u00f6nelik bilgilendirme stantlar\u0131yla fark\u0131ndal\u0131k \u00e7al\u0131\u015fmalar\u0131 yap\u0131ld\u0131.<br \/>\n<br \/>Etkinlikte konu\u015fan K\u00fctahya Aile ve Sosyal Hizmetler \u0130l M\u00fcd\u00fcr\u00fc \u00dclk\u00fc Uslu, &#8220;Her \u00e7ocu\u011fumuz bir aileyi hak ediyor. 30 Haziran\u2019\u0131n Koruyucu Aile G\u00fcn\u00fc olarak ilan edilmesi, bu alandaki fark\u0131ndal\u0131\u011f\u0131n artmas\u0131na \u00f6nemli katk\u0131 sa\u011fl\u0131yor&#8221; dedi.<br \/>\n<br \/>Uslu, Cumhurba\u015fkan\u0131 Recep Tayyip Erdo\u011fan\u2019\u0131n 2025 y\u0131l\u0131n\u0131 &#8220;Aile Y\u0131l\u0131&#8221; ilan etmesinin ard\u0131ndan koruyucu ailelik modeline olan ilginin artt\u0131\u011f\u0131n\u0131 belirterek, &#8220;Bu tevecc\u00fch\u00fcn \u00f6n\u00fcm\u00fczdeki y\u0131llarda da s\u00fcrece\u011fine inan\u0131yoruz. Her \u00e7ocu\u011fun sevgi dolu bir aile ortam\u0131nda b\u00fcy\u00fcme hakk\u0131 vard\u0131r ve biz de bu anlay\u0131\u015fla \u00e7al\u0131\u015fmalar\u0131m\u0131za devam ediyoruz&#8221; ifadelerini kulland\u0131.<br \/><\/p>\n","protected":false},"excerpt":{"rendered":"<p>K\u00fctahya Aile ve Sosyal Hizmetler \u0130l M\u00fcd\u00fcrl\u00fc\u011f\u00fc taraf\u0131ndan &#8220;Koruyucu Aile \u015eenli\u011fi&#8221; etkinli\u011fi d\u00fczenlendi. \u015eenliklere il protokol\u00fc, koruyucu aileler, \u00e7ocuklar ve vatanda\u015flar yo\u011fun ilgi g\u00f6sterdi. \u00c7ocuklar i\u00e7in oyun ve e\u011flence alanlar\u0131 kurulurken, ailelere y\u00f6nelik bilgilendirme stantlar\u0131yla fark\u0131ndal\u0131k \u00e7al\u0131\u015fmalar\u0131 yap\u0131ld\u0131. Etkinlikte konu\u015fan K\u00fctahya Aile ve Sosyal Hizmetler \u0130l M\u00fcd\u00fcr\u00fc \u00dclk\u00fc Uslu, &#8220;Her \u00e7ocu\u011fumuz bir aileyi hak ediyor&#8230;.<\/p>\n","protected":false},"author":1,"featured_media":40312,"comment_status":"open","ping_status":"open","sticky":false,"template":"","format":"standard","meta":{"_crdt_document":"","footnotes":""},"categories":[123],"tags":[],"class_list":["post-40311","post","type-post","status-publish","format-standard","has-post-thumbnail","hentry","category-gundem"],"_links":{"self":[{"href":"https:\/\/www.egemtv.com\/index.php?rest_route=\/wp\/v2\/posts\/40311","targetHints":{"allow":["GET"]}}],"collection":[{"href":"https:\/\/www.egemtv.com\/index.php?rest_route=\/wp\/v2\/posts"}],"about":[{"href":"https:\/\/www.egemtv.com\/index.php?rest_route=\/wp\/v2\/types\/post"}],"author":[{"embeddable":true,"href":"https:\/\/www.egemtv.com\/index.php?rest_route=\/wp\/v2\/users\/1"}],"replies":[{"embeddable":true,"href":"https:\/\/www.egemtv.com\/index.php?rest_route=%2Fwp%2Fv2%2Fcomments&post=40311"}],"version-history":[{"count":1,"href":"https:\/\/www.egemtv.com\/index.php?rest_route=\/wp\/v2\/posts\/40311\/revisions"}],"predecessor-version":[{"id":40313,"href":"https:\/\/www.egemtv.com\/index.php?rest_route=\/wp\/v2\/posts\/40311\/revisions\/40313"}],"wp:featuredmedia":[{"embeddable":true,"href":"https:\/\/www.egemtv.com\/index.php?rest_route=\/wp\/v2\/media\/40312"}],"wp:attachment":[{"href":"https:\/\/www.egemtv.com\/index.php?rest_route=%2Fwp%2Fv2%2Fmedia&parent=40311"}],"wp:term":[{"taxonomy":"category","embeddable":true,"href":"https:\/\/www.egemtv.com\/index.php?rest_route=%2Fwp%2Fv2%2Fcategories&post=40311"},{"taxonomy":"post_tag","embeddable":true,"href":"https:\/\/www.egemtv.com\/index.php?rest_route=%2Fwp%2Fv2%2Ftags&post=40311"}],"curies":[{"name":"wp","href":"https:\/\/api.w.org\/{rel}","templated":true}]}}