{"id":40305,"date":"2025-07-07T09:57:39","date_gmt":"2025-07-07T06:57:39","guid":{"rendered":"https:\/\/www.egemtv.com\/?p=40305"},"modified":"2025-07-07T09:57:45","modified_gmt":"2025-07-07T06:57:45","slug":"kutahyada-uyusturucu-operasyonu-2-supheli-tutuklandi","status":"publish","type":"post","link":"https:\/\/www.egemtv.com\/?p=40305","title":{"rendered":"K\u00fctahya\u2019da uyu\u015fturucu operasyonu, 2 \u015f\u00fcpheli tutukland\u0131"},"content":{"rendered":"<p>K\u00fctahya \u0130l Emniyet M\u00fcd\u00fcrl\u00fc\u011f\u00fc Narkotik Su\u00e7larla M\u00fccadele \u015eube M\u00fcd\u00fcrl\u00fc\u011f\u00fc ekiplerince ger\u00e7ekle\u015ftirilen iki ayr\u0131 uyu\u015fturucu operasyonunda g\u00f6zalt\u0131na al\u0131nan 2 \u015f\u00fcpheli \u00e7\u0131kar\u0131ld\u0131klar\u0131 mahkemece tutukland\u0131.<br \/>\n<br \/>Operasyonlar\u0131n ilkinde, uygulama noktas\u0131nda durdurulan M.G. (23) isimli \u015f\u00fcphelinin \u00fczerinde yap\u0131lan aramada 1130 gram esrar maddesi ele ge\u00e7irildi. M.G., emniyetteki i\u015flemlerinin ard\u0131ndan sevk edildi\u011fi adli mercilerce tutukland\u0131.<br \/>\n<br \/>\u0130kinci olayda ise A.G. isimli \u015fahs\u0131n yap\u0131lan kontrollerinde, yakla\u015f\u0131k 700 gram bonzai \u00fcretilebilecek 7,08 gram bonzai hammaddesi (A-M) bulundu. A.G. de \u00e7\u0131kar\u0131ld\u0131\u011f\u0131 mahkemece tutuklanarak cezaevine g\u00f6nderildi.<br \/>\n<br \/>K\u00fctahya \u0130l Emniyet M\u00fcd\u00fcrl\u00fc\u011f\u00fc\u2019nden yap\u0131lan a\u00e7\u0131klamada, uyu\u015fturucu ile m\u00fccadelenin kararl\u0131l\u0131kla s\u00fcrd\u00fcr\u00fclece\u011fi vurguland\u0131.<br \/><\/p>\n","protected":false},"excerpt":{"rendered":"<p>K\u00fctahya \u0130l Emniyet M\u00fcd\u00fcrl\u00fc\u011f\u00fc Narkotik Su\u00e7larla M\u00fccadele \u015eube M\u00fcd\u00fcrl\u00fc\u011f\u00fc ekiplerince ger\u00e7ekle\u015ftirilen iki ayr\u0131 uyu\u015fturucu operasyonunda g\u00f6zalt\u0131na al\u0131nan 2 \u015f\u00fcpheli \u00e7\u0131kar\u0131ld\u0131klar\u0131 mahkemece tutukland\u0131. Operasyonlar\u0131n ilkinde, uygulama noktas\u0131nda durdurulan M.G. (23) isimli \u015f\u00fcphelinin \u00fczerinde yap\u0131lan aramada 1130 gram esrar maddesi ele ge\u00e7irildi. M.G., emniyetteki i\u015flemlerinin ard\u0131ndan sevk edildi\u011fi adli mercilerce tutukland\u0131. \u0130kinci olayda ise A.G. isimli \u015fahs\u0131n&#8230;<\/p>\n","protected":false},"author":1,"featured_media":40306,"comment_status":"open","ping_status":"open","sticky":false,"template":"","format":"standard","meta":{"_crdt_document":"","footnotes":""},"categories":[5],"tags":[],"class_list":["post-40305","post","type-post","status-publish","format-standard","has-post-thumbnail","hentry","category-asayis"],"_links":{"self":[{"href":"https:\/\/www.egemtv.com\/index.php?rest_route=\/wp\/v2\/posts\/40305","targetHints":{"allow":["GET"]}}],"collection":[{"href":"https:\/\/www.egemtv.com\/index.php?rest_route=\/wp\/v2\/posts"}],"about":[{"href":"https:\/\/www.egemtv.com\/index.php?rest_route=\/wp\/v2\/types\/post"}],"author":[{"embeddable":true,"href":"https:\/\/www.egemtv.com\/index.php?rest_route=\/wp\/v2\/users\/1"}],"replies":[{"embeddable":true,"href":"https:\/\/www.egemtv.com\/index.php?rest_route=%2Fwp%2Fv2%2Fcomments&post=40305"}],"version-history":[{"count":1,"href":"https:\/\/www.egemtv.com\/index.php?rest_route=\/wp\/v2\/posts\/40305\/revisions"}],"predecessor-version":[{"id":40307,"href":"https:\/\/www.egemtv.com\/index.php?rest_route=\/wp\/v2\/posts\/40305\/revisions\/40307"}],"wp:featuredmedia":[{"embeddable":true,"href":"https:\/\/www.egemtv.com\/index.php?rest_route=\/wp\/v2\/media\/40306"}],"wp:attachment":[{"href":"https:\/\/www.egemtv.com\/index.php?rest_route=%2Fwp%2Fv2%2Fmedia&parent=40305"}],"wp:term":[{"taxonomy":"category","embeddable":true,"href":"https:\/\/www.egemtv.com\/index.php?rest_route=%2Fwp%2Fv2%2Fcategories&post=40305"},{"taxonomy":"post_tag","embeddable":true,"href":"https:\/\/www.egemtv.com\/index.php?rest_route=%2Fwp%2Fv2%2Ftags&post=40305"}],"curies":[{"name":"wp","href":"https:\/\/api.w.org\/{rel}","templated":true}]}}