{"id":40302,"date":"2025-07-07T09:38:10","date_gmt":"2025-07-07T06:38:10","guid":{"rendered":"https:\/\/www.egemtv.com\/?p=40302"},"modified":"2025-07-07T09:38:15","modified_gmt":"2025-07-07T06:38:15","slug":"cop-ev-temizlendi-yedi-yillik-kabus-son-buldu","status":"publish","type":"post","link":"https:\/\/www.egemtv.com\/?p=40302","title":{"rendered":"\u00c7\u00f6p ev temizlendi, yedi y\u0131ll\u0131k kabus son buldu"},"content":{"rendered":"<p>Bornova\u2019da \u00e7evreye yayd\u0131\u011f\u0131 k\u00f6t\u00fc koku \u00fczerine \u00e7evre sakinlerinin \u015fik\u00e2yetiyle ortaya \u00e7\u0131kan \u00e7\u00f6p ev, belediye ekipleri taraf\u0131ndan temizlendi.<br \/>\n<br \/>Bornova\u2019n\u0131n Alt\u0131nda\u011f Zafer Mahallesi\u2019nde, \u00e7evre sakinlerinin \u015fik\u00e2yetiyle ortaya \u00e7\u0131kan \u00e7\u00f6p ev dram\u0131, belediyenin m\u00fcdahalesiyle son buldu. 4495 Sokak\u2019taki iki katl\u0131 evde ya\u015fayan 80 ya\u015f\u0131ndaki emekli \u00e7ift, k\u0131zlar\u0131 ve ye\u011fenlerinin yakla\u015f\u0131k yedi y\u0131ld\u0131r sa\u011fl\u0131ks\u0131z ko\u015fullar alt\u0131nda ya\u015famaya \u00e7al\u0131\u015ft\u0131\u011f\u0131 tespit edildi.<br \/>\n<br \/>\u0130hbar sonras\u0131 harekete ge\u00e7en Bornova Belediyesi Temizlik \u0130\u015fleri, Fen \u0130\u015fleri, Park ve Bah\u00e7eler M\u00fcd\u00fcrl\u00fc\u011f\u00fc\u2019yle birlikte kapsaml\u0131 bir m\u00fcdahale ger\u00e7ekle\u015ftirdi. Zab\u0131ta ekipleri ve emniyet g\u00fc\u00e7leri e\u015fli\u011finde yap\u0131lan \u00e7al\u0131\u015fmada, evdeki \u00e7\u00f6p y\u0131\u011f\u0131nlar\u0131 kamyonlarla tahliye edildi, \u00e7evre dezenfekte edilerek hijyenik ko\u015fullar yeniden sa\u011fland\u0131.<br \/>\n<br \/>Mahalle sakinlerinin ifadelerine g\u00f6re aile, uzun s\u00fcredir i\u00e7ine kapanm\u0131\u015f ve yard\u0131m taleplerine yan\u0131t vermemi\u015f. Kom\u015fular, evden yay\u0131lan kokular nedeniyle b\u00fcy\u00fck s\u0131k\u0131nt\u0131 ya\u015fad\u0131klar\u0131n\u0131 ancak i\u00e7eride d\u00f6rt ki\u015finin bu ko\u015fullarda ya\u015fad\u0131\u011f\u0131n\u0131 \u00f6\u011frenince derin bir \u00fcz\u00fcnt\u00fc duyduklar\u0131n\u0131 belirtti. Olay\u0131n ard\u0131ndan ailenin sosyal destek hizmetlerine y\u00f6nlendirilmesi i\u00e7in ilgili kurumlarla temasa ge\u00e7ildi.<br \/><\/p>\n","protected":false},"excerpt":{"rendered":"<p>Bornova\u2019da \u00e7evreye yayd\u0131\u011f\u0131 k\u00f6t\u00fc koku \u00fczerine \u00e7evre sakinlerinin \u015fik\u00e2yetiyle ortaya \u00e7\u0131kan \u00e7\u00f6p ev, belediye ekipleri taraf\u0131ndan temizlendi. Bornova\u2019n\u0131n Alt\u0131nda\u011f Zafer Mahallesi\u2019nde, \u00e7evre sakinlerinin \u015fik\u00e2yetiyle ortaya \u00e7\u0131kan \u00e7\u00f6p ev dram\u0131, belediyenin m\u00fcdahalesiyle son buldu. 4495 Sokak\u2019taki iki katl\u0131 evde ya\u015fayan 80 ya\u015f\u0131ndaki emekli \u00e7ift, k\u0131zlar\u0131 ve ye\u011fenlerinin yakla\u015f\u0131k yedi y\u0131ld\u0131r sa\u011fl\u0131ks\u0131z ko\u015fullar alt\u0131nda ya\u015famaya \u00e7al\u0131\u015ft\u0131\u011f\u0131 tespit&#8230;<\/p>\n","protected":false},"author":1,"featured_media":40303,"comment_status":"open","ping_status":"open","sticky":false,"template":"","format":"standard","meta":{"_crdt_document":"","footnotes":""},"categories":[1],"tags":[],"class_list":["post-40302","post","type-post","status-publish","format-standard","has-post-thumbnail","hentry","category-guncel"],"_links":{"self":[{"href":"https:\/\/www.egemtv.com\/index.php?rest_route=\/wp\/v2\/posts\/40302","targetHints":{"allow":["GET"]}}],"collection":[{"href":"https:\/\/www.egemtv.com\/index.php?rest_route=\/wp\/v2\/posts"}],"about":[{"href":"https:\/\/www.egemtv.com\/index.php?rest_route=\/wp\/v2\/types\/post"}],"author":[{"embeddable":true,"href":"https:\/\/www.egemtv.com\/index.php?rest_route=\/wp\/v2\/users\/1"}],"replies":[{"embeddable":true,"href":"https:\/\/www.egemtv.com\/index.php?rest_route=%2Fwp%2Fv2%2Fcomments&post=40302"}],"version-history":[{"count":1,"href":"https:\/\/www.egemtv.com\/index.php?rest_route=\/wp\/v2\/posts\/40302\/revisions"}],"predecessor-version":[{"id":40304,"href":"https:\/\/www.egemtv.com\/index.php?rest_route=\/wp\/v2\/posts\/40302\/revisions\/40304"}],"wp:featuredmedia":[{"embeddable":true,"href":"https:\/\/www.egemtv.com\/index.php?rest_route=\/wp\/v2\/media\/40303"}],"wp:attachment":[{"href":"https:\/\/www.egemtv.com\/index.php?rest_route=%2Fwp%2Fv2%2Fmedia&parent=40302"}],"wp:term":[{"taxonomy":"category","embeddable":true,"href":"https:\/\/www.egemtv.com\/index.php?rest_route=%2Fwp%2Fv2%2Fcategories&post=40302"},{"taxonomy":"post_tag","embeddable":true,"href":"https:\/\/www.egemtv.com\/index.php?rest_route=%2Fwp%2Fv2%2Ftags&post=40302"}],"curies":[{"name":"wp","href":"https:\/\/api.w.org\/{rel}","templated":true}]}}