{"id":40299,"date":"2025-07-07T09:15:41","date_gmt":"2025-07-07T06:15:41","guid":{"rendered":"https:\/\/www.egemtv.com\/?p=40299"},"modified":"2025-07-07T09:15:46","modified_gmt":"2025-07-07T06:15:46","slug":"devlet-hastanesinde-saglik-calisanlarina-yonelik-iletisim-egitimi","status":"publish","type":"post","link":"https:\/\/www.egemtv.com\/?p=40299","title":{"rendered":"Devlet Hastanesi\u2019nde sa\u011fl\u0131k \u00e7al\u0131\u015fanlar\u0131na y\u00f6nelik ileti\u015fim e\u011fitimi"},"content":{"rendered":"<p>Afyonkarahisar Devlet Hastanesi\u2019nde, sa\u011fl\u0131k hizmetlerinin kalitesini art\u0131rmak ve kurum i\u00e7i ileti\u015fimi g\u00fc\u00e7lendirmek amac\u0131yla &#8220;\u0130leti\u015fim E\u011fitimi&#8221; ger\u00e7ekle\u015ftirildi.<br \/>\n<br \/>E\u011fitim program\u0131, Do\u00e7. Dr. Ali Fikret Ayd\u0131n\u2019\u0131n sunumuyla hastane konferans salonunda yap\u0131ld\u0131. E\u011fitime hastane personeli yo\u011fun ilgi g\u00f6sterdi. Program \u00e7er\u00e7evesinde sa\u011fl\u0131k \u00e7al\u0131\u015fanlar\u0131n\u0131n hasta ve hasta yak\u0131nlar\u0131yla daha sa\u011fl\u0131kl\u0131 ileti\u015fim kurabilmeleri, ekip i\u00e7i i\u015f birli\u011fini g\u00fc\u00e7lendirebilmeleri ad\u0131na empati, beden dili, etkin dinleme ve \u00e7at\u0131\u015fma y\u00f6netimi gibi konular ele al\u0131nd\u0131. Ayd\u0131n, etkili ileti\u015fimin sadece mesleki ba\u015far\u0131y\u0131 de\u011fil, hasta memnuniyetini ve tedavi s\u00fcrecinin etkinli\u011fini de do\u011frudan etkiledi\u011fini vurgulad\u0131.<br \/><\/p>\n","protected":false},"excerpt":{"rendered":"<p>Afyonkarahisar Devlet Hastanesi\u2019nde, sa\u011fl\u0131k hizmetlerinin kalitesini art\u0131rmak ve kurum i\u00e7i ileti\u015fimi g\u00fc\u00e7lendirmek amac\u0131yla &#8220;\u0130leti\u015fim E\u011fitimi&#8221; ger\u00e7ekle\u015ftirildi. E\u011fitim program\u0131, Do\u00e7. Dr. Ali Fikret Ayd\u0131n\u2019\u0131n sunumuyla hastane konferans salonunda yap\u0131ld\u0131. E\u011fitime hastane personeli yo\u011fun ilgi g\u00f6sterdi. Program \u00e7er\u00e7evesinde sa\u011fl\u0131k \u00e7al\u0131\u015fanlar\u0131n\u0131n hasta ve hasta yak\u0131nlar\u0131yla daha sa\u011fl\u0131kl\u0131 ileti\u015fim kurabilmeleri, ekip i\u00e7i i\u015f birli\u011fini g\u00fc\u00e7lendirebilmeleri ad\u0131na empati, beden dili,&#8230;<\/p>\n","protected":false},"author":1,"featured_media":40300,"comment_status":"open","ping_status":"open","sticky":false,"template":"","format":"standard","meta":{"_crdt_document":"","footnotes":""},"categories":[1],"tags":[],"class_list":["post-40299","post","type-post","status-publish","format-standard","has-post-thumbnail","hentry","category-guncel"],"_links":{"self":[{"href":"https:\/\/www.egemtv.com\/index.php?rest_route=\/wp\/v2\/posts\/40299","targetHints":{"allow":["GET"]}}],"collection":[{"href":"https:\/\/www.egemtv.com\/index.php?rest_route=\/wp\/v2\/posts"}],"about":[{"href":"https:\/\/www.egemtv.com\/index.php?rest_route=\/wp\/v2\/types\/post"}],"author":[{"embeddable":true,"href":"https:\/\/www.egemtv.com\/index.php?rest_route=\/wp\/v2\/users\/1"}],"replies":[{"embeddable":true,"href":"https:\/\/www.egemtv.com\/index.php?rest_route=%2Fwp%2Fv2%2Fcomments&post=40299"}],"version-history":[{"count":1,"href":"https:\/\/www.egemtv.com\/index.php?rest_route=\/wp\/v2\/posts\/40299\/revisions"}],"predecessor-version":[{"id":40301,"href":"https:\/\/www.egemtv.com\/index.php?rest_route=\/wp\/v2\/posts\/40299\/revisions\/40301"}],"wp:featuredmedia":[{"embeddable":true,"href":"https:\/\/www.egemtv.com\/index.php?rest_route=\/wp\/v2\/media\/40300"}],"wp:attachment":[{"href":"https:\/\/www.egemtv.com\/index.php?rest_route=%2Fwp%2Fv2%2Fmedia&parent=40299"}],"wp:term":[{"taxonomy":"category","embeddable":true,"href":"https:\/\/www.egemtv.com\/index.php?rest_route=%2Fwp%2Fv2%2Fcategories&post=40299"},{"taxonomy":"post_tag","embeddable":true,"href":"https:\/\/www.egemtv.com\/index.php?rest_route=%2Fwp%2Fv2%2Ftags&post=40299"}],"curies":[{"name":"wp","href":"https:\/\/api.w.org\/{rel}","templated":true}]}}