{"id":40296,"date":"2025-07-07T09:15:36","date_gmt":"2025-07-07T06:15:36","guid":{"rendered":"https:\/\/www.egemtv.com\/?p=40296"},"modified":"2025-07-07T09:15:41","modified_gmt":"2025-07-07T06:15:41","slug":"vali-yigitbasi-asure-ikraminda-bulundu","status":"publish","type":"post","link":"https:\/\/www.egemtv.com\/?p=40296","title":{"rendered":"Vali Yi\u011fitba\u015f\u0131 a\u015fure ikram\u0131nda bulundu"},"content":{"rendered":"<p>Afyonkarahisar Valili\u011fi ve Hac\u0131 Bekta\u015f-\u0131 Veli K\u00fclt\u00fcr Dernekleri Federasyonu i\u015f birli\u011finde, Afgan Hazara T\u00fcrkleri\u2019nin kat\u0131l\u0131m\u0131yla Cemevinde d\u00fczenlenen programda a\u015fure ikram edildi.<br \/>\n<br \/>Afyonkarahisar Valisi Do\u00e7. Dr. K\u00fcbra G\u00fcran Yi\u011fitba\u015f\u0131\u2019n\u0131n kat\u0131l\u0131mlar\u0131yla, Muharrem Ay\u0131 dolay\u0131s\u0131yla anlaml\u0131 bir anma program\u0131 d\u00fczenlendi. Afyonkarahisar Valili\u011fi ve Hac\u0131 Bekta\u015f-\u0131 Veli K\u00fclt\u00fcr Dernekleri Federasyonu i\u015f birli\u011finde ger\u00e7ekle\u015ftirilen program, Afgan Hazara T\u00fcrkleri\u2019nin de kat\u0131l\u0131m\u0131yla Cemevinde yap\u0131ld\u0131. Etkinlikte, Kerbela\u2019da \u015fehit edilen Hz. H\u00fcseyin ve silah arkada\u015flar\u0131 rahmet ve h\u00fcz\u00fcnle an\u0131ld\u0131. Program \u00e7er\u00e7evesinde birlik, beraberlik ve karde\u015flik vurgusu \u00f6ne \u00e7\u0131karken, kat\u0131l\u0131mc\u0131lara a\u015fure ikram\u0131 da yap\u0131ld\u0131. Alevi-Bekta\u015fi gelene\u011finde \u00f6nemli bir yere sahip olan Muharrem etkinli\u011fi, toplumun t\u00fcm kesimlerinden geni\u015f kat\u0131l\u0131m g\u00f6rd\u00fc.<br \/><\/p>\n","protected":false},"excerpt":{"rendered":"<p>Afyonkarahisar Valili\u011fi ve Hac\u0131 Bekta\u015f-\u0131 Veli K\u00fclt\u00fcr Dernekleri Federasyonu i\u015f birli\u011finde, Afgan Hazara T\u00fcrkleri\u2019nin kat\u0131l\u0131m\u0131yla Cemevinde d\u00fczenlenen programda a\u015fure ikram edildi. Afyonkarahisar Valisi Do\u00e7. Dr. K\u00fcbra G\u00fcran Yi\u011fitba\u015f\u0131\u2019n\u0131n kat\u0131l\u0131mlar\u0131yla, Muharrem Ay\u0131 dolay\u0131s\u0131yla anlaml\u0131 bir anma program\u0131 d\u00fczenlendi. Afyonkarahisar Valili\u011fi ve Hac\u0131 Bekta\u015f-\u0131 Veli K\u00fclt\u00fcr Dernekleri Federasyonu i\u015f birli\u011finde ger\u00e7ekle\u015ftirilen program, Afgan Hazara T\u00fcrkleri\u2019nin de kat\u0131l\u0131m\u0131yla&#8230;<\/p>\n","protected":false},"author":1,"featured_media":40297,"comment_status":"open","ping_status":"open","sticky":false,"template":"","format":"standard","meta":{"_crdt_document":"","footnotes":""},"categories":[1],"tags":[],"class_list":["post-40296","post","type-post","status-publish","format-standard","has-post-thumbnail","hentry","category-guncel"],"_links":{"self":[{"href":"https:\/\/www.egemtv.com\/index.php?rest_route=\/wp\/v2\/posts\/40296","targetHints":{"allow":["GET"]}}],"collection":[{"href":"https:\/\/www.egemtv.com\/index.php?rest_route=\/wp\/v2\/posts"}],"about":[{"href":"https:\/\/www.egemtv.com\/index.php?rest_route=\/wp\/v2\/types\/post"}],"author":[{"embeddable":true,"href":"https:\/\/www.egemtv.com\/index.php?rest_route=\/wp\/v2\/users\/1"}],"replies":[{"embeddable":true,"href":"https:\/\/www.egemtv.com\/index.php?rest_route=%2Fwp%2Fv2%2Fcomments&post=40296"}],"version-history":[{"count":1,"href":"https:\/\/www.egemtv.com\/index.php?rest_route=\/wp\/v2\/posts\/40296\/revisions"}],"predecessor-version":[{"id":40298,"href":"https:\/\/www.egemtv.com\/index.php?rest_route=\/wp\/v2\/posts\/40296\/revisions\/40298"}],"wp:featuredmedia":[{"embeddable":true,"href":"https:\/\/www.egemtv.com\/index.php?rest_route=\/wp\/v2\/media\/40297"}],"wp:attachment":[{"href":"https:\/\/www.egemtv.com\/index.php?rest_route=%2Fwp%2Fv2%2Fmedia&parent=40296"}],"wp:term":[{"taxonomy":"category","embeddable":true,"href":"https:\/\/www.egemtv.com\/index.php?rest_route=%2Fwp%2Fv2%2Fcategories&post=40296"},{"taxonomy":"post_tag","embeddable":true,"href":"https:\/\/www.egemtv.com\/index.php?rest_route=%2Fwp%2Fv2%2Ftags&post=40296"}],"curies":[{"name":"wp","href":"https:\/\/api.w.org\/{rel}","templated":true}]}}