{"id":40293,"date":"2025-07-07T08:56:24","date_gmt":"2025-07-07T05:56:24","guid":{"rendered":"https:\/\/www.egemtv.com\/?p=40293"},"modified":"2025-07-07T08:56:26","modified_gmt":"2025-07-07T05:56:26","slug":"kaymakam-gizem-baygustan-kuran-kursu-ogrencilerine-ziyaret","status":"publish","type":"post","link":"https:\/\/www.egemtv.com\/?p=40293","title":{"rendered":"Kaymakam Gizem Baygu\u015f\u2019tan Kur\u2019an Kursu \u00f6\u011frencilerine ziyaret"},"content":{"rendered":"<p>Afyonkarahisar Dazk\u0131r\u0131 Kaymakam\u0131 Gizem Baygu\u015f, e\u011fitimlerine devam eden Kur\u2019an Kursu \u00f6\u011frencilerini ziyaret ederek, e\u011fitimlerine kat\u0131ld\u0131.<br \/>\n<br \/>\u0130l\u00e7e m\u00fcft\u00fcl\u00fc\u011f\u00fc b\u00fcnyesinde a\u00e7\u0131lan ve yaz boyunca s\u00fcrecek olan kurslarda e\u011fitim alan \u00e7ocuklarla bir araya gelen Kaymakam Baygu\u015f, hem \u00f6\u011frencilerle sohbet etti hem de e\u011fitim ortam\u0131n\u0131 yerinde inceledi. Ziyarette \u00f6\u011frencilerin derslerine kat\u0131lan Kaymakam Baygu\u015f, \u00e7ocuklara ba\u015far\u0131lar dileyerek onlar\u0131n dini ve ahlaki geli\u015fimlerine katk\u0131 sa\u011flayan bu t\u00fcr faaliyetlerin \u00f6nemine dikkat \u00e7ekti. E\u011fitimin yaln\u0131zca akademik ba\u015far\u0131yla s\u0131n\u0131rl\u0131 olmad\u0131\u011f\u0131n\u0131 vurgulayan Baygu\u015f, milli ve manevi de\u011ferlerle yeti\u015fen nesillerin gelece\u011fimizin teminat\u0131 oldu\u011funu ifade etti. Ziyaret sonunda hat\u0131ra foto\u011fraflar\u0131 \u00e7ekildi.<br \/><\/p>\n","protected":false},"excerpt":{"rendered":"<p>Afyonkarahisar Dazk\u0131r\u0131 Kaymakam\u0131 Gizem Baygu\u015f, e\u011fitimlerine devam eden Kur\u2019an Kursu \u00f6\u011frencilerini ziyaret ederek, e\u011fitimlerine kat\u0131ld\u0131. \u0130l\u00e7e m\u00fcft\u00fcl\u00fc\u011f\u00fc b\u00fcnyesinde a\u00e7\u0131lan ve yaz boyunca s\u00fcrecek olan kurslarda e\u011fitim alan \u00e7ocuklarla bir araya gelen Kaymakam Baygu\u015f, hem \u00f6\u011frencilerle sohbet etti hem de e\u011fitim ortam\u0131n\u0131 yerinde inceledi. Ziyarette \u00f6\u011frencilerin derslerine kat\u0131lan Kaymakam Baygu\u015f, \u00e7ocuklara ba\u015far\u0131lar dileyerek onlar\u0131n dini ve&#8230;<\/p>\n","protected":false},"author":1,"featured_media":40294,"comment_status":"open","ping_status":"open","sticky":false,"template":"","format":"standard","meta":{"_crdt_document":"","footnotes":""},"categories":[1],"tags":[],"class_list":["post-40293","post","type-post","status-publish","format-standard","has-post-thumbnail","hentry","category-guncel"],"_links":{"self":[{"href":"https:\/\/www.egemtv.com\/index.php?rest_route=\/wp\/v2\/posts\/40293","targetHints":{"allow":["GET"]}}],"collection":[{"href":"https:\/\/www.egemtv.com\/index.php?rest_route=\/wp\/v2\/posts"}],"about":[{"href":"https:\/\/www.egemtv.com\/index.php?rest_route=\/wp\/v2\/types\/post"}],"author":[{"embeddable":true,"href":"https:\/\/www.egemtv.com\/index.php?rest_route=\/wp\/v2\/users\/1"}],"replies":[{"embeddable":true,"href":"https:\/\/www.egemtv.com\/index.php?rest_route=%2Fwp%2Fv2%2Fcomments&post=40293"}],"version-history":[{"count":1,"href":"https:\/\/www.egemtv.com\/index.php?rest_route=\/wp\/v2\/posts\/40293\/revisions"}],"predecessor-version":[{"id":40295,"href":"https:\/\/www.egemtv.com\/index.php?rest_route=\/wp\/v2\/posts\/40293\/revisions\/40295"}],"wp:featuredmedia":[{"embeddable":true,"href":"https:\/\/www.egemtv.com\/index.php?rest_route=\/wp\/v2\/media\/40294"}],"wp:attachment":[{"href":"https:\/\/www.egemtv.com\/index.php?rest_route=%2Fwp%2Fv2%2Fmedia&parent=40293"}],"wp:term":[{"taxonomy":"category","embeddable":true,"href":"https:\/\/www.egemtv.com\/index.php?rest_route=%2Fwp%2Fv2%2Fcategories&post=40293"},{"taxonomy":"post_tag","embeddable":true,"href":"https:\/\/www.egemtv.com\/index.php?rest_route=%2Fwp%2Fv2%2Ftags&post=40293"}],"curies":[{"name":"wp","href":"https:\/\/api.w.org\/{rel}","templated":true}]}}