{"id":40290,"date":"2025-07-07T07:35:28","date_gmt":"2025-07-07T04:35:28","guid":{"rendered":"https:\/\/www.egemtv.com\/?p=40290"},"modified":"2025-07-07T07:35:29","modified_gmt":"2025-07-07T04:35:29","slug":"baskan-putun-kendim-icin-degil-kentim-icin-yola-ciktim","status":"publish","type":"post","link":"https:\/\/www.egemtv.com\/?p=40290","title":{"rendered":"Ba\u015fkan P\u00fct\u00fcn; &#8220;Kendim i\u00e7in de\u011fil, kentim i\u00e7in yola \u00e7\u0131kt\u0131m&#8221;"},"content":{"rendered":"<p>DEN\u0130ZL\u0130 (\u0130HA) \u2013 Denizli\u2019nin Beya\u011fa\u00e7 Belediye Ba\u015fkan\u0131 Sezayi P\u00fct\u00fcn, 2030 vizyonunu belirleyen \u2018Beya\u011fa\u00e7 Time\u2019 projelerinin turizm ve ekonomide il\u00e7eye de\u011fer kataca\u011f\u0131n\u0131 belirterek, &#8220;Kendim i\u00e7in de\u011fil, kentim i\u00e7in yola \u00e7\u0131kt\u0131m&#8221; dedi.<\/p>\n<p>Beya\u011fa\u00e7 Belediye Ba\u015fkan\u0131 Sezayi P\u00fct\u00fcn \u00f6nc\u00fcl\u00fc\u011f\u00fcnde hayata ge\u00e7irilen il\u00e7enin 2030 vizyonunu belirleyen &#8220;Beya\u011fa\u00e7 Time&#8221; projeleri ile il\u00e7ede turizmin canland\u0131r\u0131lmas\u0131 ve istihdam\u0131 art\u0131r\u0131lmas\u0131 hedefleniyor. G\u00f6reve se\u00e7ildi\u011fi g\u00fcnden bu yana gecesini g\u00fcnd\u00fcz\u00fcne katarak Beya\u011fa\u00e7 i\u00e7in \u00e7al\u0131\u015fan Ba\u015fkan P\u00fct\u00fcn\u2019\u00fcn bu vizyon projeleriyle il\u00e7ede ekonomik ve sosyok\u00fclt\u00fcrel ya\u015fam\u0131n canland\u0131r\u0131lmas\u0131 ama\u00e7lan\u0131yor.<\/p>\n<p>Beya\u011fa\u00e7\u2019a de\u011fer katacak projeler \u2018Beya\u011fa\u00e7 Time\u2019 projelerini kamuoyuna tan\u0131tan Belediye Ba\u015fkan\u0131 Sezayi P\u00fct\u00fcn, &#8220;G\u00f6reve se\u00e7ildi\u011fimiz g\u00fcnden itibaren il\u00e7emizin ekonomisi ve turizm faaliyetlerinin geli\u015ftirilerek, d\u00fcnyaca tan\u0131nan bir cazibe merkezi haline gelebilmesi i\u00e7in aral\u0131ks\u0131z \u00e7al\u0131\u015fmalar y\u00fcr\u00fctt\u00fck. S\u0131ra d\u0131\u015f\u0131 do\u011fas\u0131, zengin k\u00fclt\u00fcr\u00fc ve g\u00fczel insanlar\u0131yla her ge\u00e7en g\u00fcn de\u011ferine de\u011fer katan Beya\u011fa\u00e7\u2019\u0131m\u0131z i\u00e7in yeni bir vizyonla yola \u00e7\u0131kt\u0131k. Ekibimizle birlikte hayata ge\u00e7irdi\u011fimiz \u2018Beya\u011fa\u00e7 Time\u2019 projeleriyle il\u00e7emizdeki turizm faaliyetlerinin canland\u0131r\u0131lmas\u0131n\u0131 ve buna ba\u011fl\u0131 olarak daha \u00e7ok hem\u015fehrimizin istihdama kat\u0131lmas\u0131n\u0131 arzulad\u0131k. Bu projelerimizde, il\u00e7emizin marka de\u011ferini hep birlikte el ele vererek b\u00fcy\u00fct\u00fcyoruz. Gelece\u011fe birlikte y\u00fcr\u00fcyoruz, Beya\u011fa\u00e7 kazan\u0131yor&#8221; dedi.<\/p>\n<p>2030 Beya\u011fa\u00e7 vizyonunun \u2018Beya\u011fa\u00e7 Time\u2019 projeleriyle \u015fekillenece\u011fini kaydeden Ba\u015fkan P\u00fct\u00fcn, &#8220;Beya\u011fa\u00e7\u2019a de\u011fer katacak projelerimizle yola \u00e7\u0131kt\u0131k. S\u0131ra d\u0131\u015f\u0131 do\u011fam\u0131z, k\u00f6kl\u00fc k\u00fclt\u00fcr\u00fcm\u00fcz ve g\u00fc\u00e7l\u00fc insan kayna\u011f\u0131m\u0131zla gelece\u011fe birlikte y\u00fcr\u00fcyoruz. Hayata ge\u00e7irece\u011fimiz Beya\u011fa\u00e7 Time projeleriyle turizmde,<br \/>\n<br \/>\u00dcretimde ve kalk\u0131nmada yeni bir d\u00f6nemi ba\u015flat\u0131yoruz. Kendim i\u00e7in de\u011fil, kentim i\u00e7in yola \u00e7\u0131kt\u0131m&#8221; \u015feklinde konu\u015ftu.<br \/><\/p>\n","protected":false},"excerpt":{"rendered":"<p>DEN\u0130ZL\u0130 (\u0130HA) \u2013 Denizli\u2019nin Beya\u011fa\u00e7 Belediye Ba\u015fkan\u0131 Sezayi P\u00fct\u00fcn, 2030 vizyonunu belirleyen \u2018Beya\u011fa\u00e7 Time\u2019 projelerinin turizm ve ekonomide il\u00e7eye de\u011fer kataca\u011f\u0131n\u0131 belirterek, &#8220;Kendim i\u00e7in de\u011fil, kentim i\u00e7in yola \u00e7\u0131kt\u0131m&#8221; dedi. Beya\u011fa\u00e7 Belediye Ba\u015fkan\u0131 Sezayi P\u00fct\u00fcn \u00f6nc\u00fcl\u00fc\u011f\u00fcnde hayata ge\u00e7irilen il\u00e7enin 2030 vizyonunu belirleyen &#8220;Beya\u011fa\u00e7 Time&#8221; projeleri ile il\u00e7ede turizmin canland\u0131r\u0131lmas\u0131 ve istihdam\u0131 art\u0131r\u0131lmas\u0131 hedefleniyor. G\u00f6reve se\u00e7ildi\u011fi&#8230;<\/p>\n","protected":false},"author":1,"featured_media":40291,"comment_status":"open","ping_status":"open","sticky":false,"template":"","format":"standard","meta":{"_crdt_document":"","footnotes":""},"categories":[127],"tags":[],"class_list":["post-40290","post","type-post","status-publish","format-standard","has-post-thumbnail","hentry","category-siyaset"],"_links":{"self":[{"href":"https:\/\/www.egemtv.com\/index.php?rest_route=\/wp\/v2\/posts\/40290","targetHints":{"allow":["GET"]}}],"collection":[{"href":"https:\/\/www.egemtv.com\/index.php?rest_route=\/wp\/v2\/posts"}],"about":[{"href":"https:\/\/www.egemtv.com\/index.php?rest_route=\/wp\/v2\/types\/post"}],"author":[{"embeddable":true,"href":"https:\/\/www.egemtv.com\/index.php?rest_route=\/wp\/v2\/users\/1"}],"replies":[{"embeddable":true,"href":"https:\/\/www.egemtv.com\/index.php?rest_route=%2Fwp%2Fv2%2Fcomments&post=40290"}],"version-history":[{"count":1,"href":"https:\/\/www.egemtv.com\/index.php?rest_route=\/wp\/v2\/posts\/40290\/revisions"}],"predecessor-version":[{"id":40292,"href":"https:\/\/www.egemtv.com\/index.php?rest_route=\/wp\/v2\/posts\/40290\/revisions\/40292"}],"wp:featuredmedia":[{"embeddable":true,"href":"https:\/\/www.egemtv.com\/index.php?rest_route=\/wp\/v2\/media\/40291"}],"wp:attachment":[{"href":"https:\/\/www.egemtv.com\/index.php?rest_route=%2Fwp%2Fv2%2Fmedia&parent=40290"}],"wp:term":[{"taxonomy":"category","embeddable":true,"href":"https:\/\/www.egemtv.com\/index.php?rest_route=%2Fwp%2Fv2%2Fcategories&post=40290"},{"taxonomy":"post_tag","embeddable":true,"href":"https:\/\/www.egemtv.com\/index.php?rest_route=%2Fwp%2Fv2%2Ftags&post=40290"}],"curies":[{"name":"wp","href":"https:\/\/api.w.org\/{rel}","templated":true}]}}