{"id":40284,"date":"2025-07-06T23:35:01","date_gmt":"2025-07-06T20:35:01","guid":{"rendered":"https:\/\/www.egemtv.com\/?p=40284"},"modified":"2025-07-06T23:35:07","modified_gmt":"2025-07-06T20:35:07","slug":"aydinda-polis-ekipleri-uyusturucuya-gecit-vermiyor","status":"publish","type":"post","link":"https:\/\/www.egemtv.com\/?p=40284","title":{"rendered":"Ayd\u0131n\u2019da polis ekipleri uyu\u015fturucuya ge\u00e7it vermiyor"},"content":{"rendered":"<p>Ayd\u0131n\u2019da polis ekipleri taraf\u0131ndan ger\u00e7ekle\u015ftirilen \u00e7al\u0131\u015fmalar \u00e7er\u00e7evesinde bir miktar metamfetamin maddesi ele ge\u00e7ilirken, g\u00f6zalt\u0131na al\u0131nan 3 \u015f\u00fcpheli i\u015flemlerinin ard\u0131ndan sevk edildikleri adli makamlarca tutuklanarak cezaevine g\u00f6nderildi.<br \/>\n<br \/>Ayd\u0131n\u2019da polis ekiplerin uyu\u015fturucu madde kullan\u0131m\u0131 ve ticaretinin \u00f6nlenmesine y\u00f6nelik \u00e7al\u0131\u015fmalar\u0131 aral\u0131ks\u0131z s\u00fcr\u00fcyor. Edinilen bilgiye g\u00f6re, \u0130l Emniyet M\u00fcd\u00fcrl\u00fc\u011f\u00fc Narkotik Su\u00e7larla M\u00fccadele \u015eube M\u00fcd\u00fcrl\u00fc\u011f\u00fc ekipleri taraf\u0131ndan yap\u0131lan \u00e7al\u0131\u015fmalarda durdurulan ara\u00e7tan 50 gram metamfetamin maddesi ele ge\u00e7irildi. Ara\u00e7taki \u015f\u00fcpheliler; S.E. (24) ve H.A. (24) isimli \u015fah\u0131slar g\u00f6zalt\u0131na al\u0131nd\u0131.<br \/>\n<br \/>\u00d6te yandan \u0130l Emniyet M\u00fcd\u00fcrl\u00fc\u011f\u00fc Asayi\u015f \u015eube Yunus ekipleri taraf\u0131ndan yap\u0131lan uygulamada da \u015f\u00fcphe \u00fczerine durdurulan ara\u00e7tan 20 gram metamfetamin maddesi ele ge\u00e7irildi. Ara\u00e7taki \u015f\u00fcpheli U.Y. (26) g\u00f6zalt\u0131na al\u0131nd\u0131.<br \/>\n<br \/>Emniyetteki i\u015flemlerinin ard\u0131ndan adliyeye sevk edilen 3 \u015f\u00fcpheli \u00e7\u0131kart\u0131ld\u0131klar\u0131 adli makamlarca tutuklanarak cezaevine g\u00f6nderildi.<br \/><\/p>\n","protected":false},"excerpt":{"rendered":"<p>Ayd\u0131n\u2019da polis ekipleri taraf\u0131ndan ger\u00e7ekle\u015ftirilen \u00e7al\u0131\u015fmalar \u00e7er\u00e7evesinde bir miktar metamfetamin maddesi ele ge\u00e7ilirken, g\u00f6zalt\u0131na al\u0131nan 3 \u015f\u00fcpheli i\u015flemlerinin ard\u0131ndan sevk edildikleri adli makamlarca tutuklanarak cezaevine g\u00f6nderildi. Ayd\u0131n\u2019da polis ekiplerin uyu\u015fturucu madde kullan\u0131m\u0131 ve ticaretinin \u00f6nlenmesine y\u00f6nelik \u00e7al\u0131\u015fmalar\u0131 aral\u0131ks\u0131z s\u00fcr\u00fcyor. Edinilen bilgiye g\u00f6re, \u0130l Emniyet M\u00fcd\u00fcrl\u00fc\u011f\u00fc Narkotik Su\u00e7larla M\u00fccadele \u015eube M\u00fcd\u00fcrl\u00fc\u011f\u00fc ekipleri taraf\u0131ndan yap\u0131lan \u00e7al\u0131\u015fmalarda durdurulan&#8230;<\/p>\n","protected":false},"author":1,"featured_media":40285,"comment_status":"open","ping_status":"open","sticky":false,"template":"","format":"standard","meta":{"_crdt_document":"","footnotes":""},"categories":[5],"tags":[],"class_list":["post-40284","post","type-post","status-publish","format-standard","has-post-thumbnail","hentry","category-asayis"],"_links":{"self":[{"href":"https:\/\/www.egemtv.com\/index.php?rest_route=\/wp\/v2\/posts\/40284","targetHints":{"allow":["GET"]}}],"collection":[{"href":"https:\/\/www.egemtv.com\/index.php?rest_route=\/wp\/v2\/posts"}],"about":[{"href":"https:\/\/www.egemtv.com\/index.php?rest_route=\/wp\/v2\/types\/post"}],"author":[{"embeddable":true,"href":"https:\/\/www.egemtv.com\/index.php?rest_route=\/wp\/v2\/users\/1"}],"replies":[{"embeddable":true,"href":"https:\/\/www.egemtv.com\/index.php?rest_route=%2Fwp%2Fv2%2Fcomments&post=40284"}],"version-history":[{"count":1,"href":"https:\/\/www.egemtv.com\/index.php?rest_route=\/wp\/v2\/posts\/40284\/revisions"}],"predecessor-version":[{"id":40286,"href":"https:\/\/www.egemtv.com\/index.php?rest_route=\/wp\/v2\/posts\/40284\/revisions\/40286"}],"wp:featuredmedia":[{"embeddable":true,"href":"https:\/\/www.egemtv.com\/index.php?rest_route=\/wp\/v2\/media\/40285"}],"wp:attachment":[{"href":"https:\/\/www.egemtv.com\/index.php?rest_route=%2Fwp%2Fv2%2Fmedia&parent=40284"}],"wp:term":[{"taxonomy":"category","embeddable":true,"href":"https:\/\/www.egemtv.com\/index.php?rest_route=%2Fwp%2Fv2%2Fcategories&post=40284"},{"taxonomy":"post_tag","embeddable":true,"href":"https:\/\/www.egemtv.com\/index.php?rest_route=%2Fwp%2Fv2%2Ftags&post=40284"}],"curies":[{"name":"wp","href":"https:\/\/api.w.org\/{rel}","templated":true}]}}