{"id":40281,"date":"2025-07-06T22:14:49","date_gmt":"2025-07-06T19:14:49","guid":{"rendered":"https:\/\/www.egemtv.com\/?p=40281"},"modified":"2025-07-06T22:14:51","modified_gmt":"2025-07-06T19:14:51","slug":"aydina-sehit-atesi-dustu-2","status":"publish","type":"post","link":"https:\/\/www.egemtv.com\/?p=40281","title":{"rendered":"Ayd\u0131n\u2019a \u015fehit ate\u015fi d\u00fc\u015ft\u00fc"},"content":{"rendered":"<p>Pen\u00e7e-Kilit Harekat b\u00f6lgesinde arama-tarama faaliyeti s\u0131ras\u0131nda metan gaz\u0131na maruz kalarak \u015fehit d\u00fc\u015fen 5 askerden<br \/>\n<br \/>Ayd\u0131n\u2019\u0131n \u00c7ine il\u00e7esi n\u00fcfusuna kay\u0131tl\u0131 \u0130stihbarat \u00dcste\u011fmen Ege Akar\u2019\u0131n, 7 Temmuz Pazartesi g\u00fcn\u00fc \u0130zmir\u2019de topra\u011fa verilece\u011fi \u00f6\u011frenildi.<br \/>\n<br \/>Pen\u00e7e-Kilit Harekat\u0131 b\u00f6lgesinde bir ma\u011farada arama-tarama faaliyeti s\u0131ras\u0131nda metan gaz\u0131na maruz kalarak 5 asker \u015fehit oldu. \u015eehit olan askerlerden \u0130stihbarat \u00dcste\u011fmen Ege Akar\u2019\u0131n dedesi Mehmet Akar ve Babaannesi Necbiye Akar\u2019\u0131n Ayd\u0131n\u2019\u0131n \u00c7ine il\u00e7esi Sar\u0131k\u00f6y Mahallesi\u2019nde bulundu\u011fu, ailesinin ise \u0130zmir\u2019de ikamet etti\u011fi \u00f6\u011frenildi. \u015eehit Akar\u2019\u0131n 7 Temmuz Pazartesi g\u00fcn\u00fc \u0130zmir\u2019de ikindi namaz\u0131na m\u00fcteakip k\u0131l\u0131nacak cenaze namaz\u0131n\u0131n ard\u0131ndan topra\u011fa verilece\u011fi bilgisine ula\u015f\u0131ld\u0131.<br \/><\/p>\n","protected":false},"excerpt":{"rendered":"<p>Pen\u00e7e-Kilit Harekat b\u00f6lgesinde arama-tarama faaliyeti s\u0131ras\u0131nda metan gaz\u0131na maruz kalarak \u015fehit d\u00fc\u015fen 5 askerden Ayd\u0131n\u2019\u0131n \u00c7ine il\u00e7esi n\u00fcfusuna kay\u0131tl\u0131 \u0130stihbarat \u00dcste\u011fmen Ege Akar\u2019\u0131n, 7 Temmuz Pazartesi g\u00fcn\u00fc \u0130zmir\u2019de topra\u011fa verilece\u011fi \u00f6\u011frenildi. Pen\u00e7e-Kilit Harekat\u0131 b\u00f6lgesinde bir ma\u011farada arama-tarama faaliyeti s\u0131ras\u0131nda metan gaz\u0131na maruz kalarak 5 asker \u015fehit oldu. \u015eehit olan askerlerden \u0130stihbarat \u00dcste\u011fmen Ege Akar\u2019\u0131n dedesi&#8230;<\/p>\n","protected":false},"author":1,"featured_media":40282,"comment_status":"open","ping_status":"open","sticky":false,"template":"","format":"standard","meta":{"_crdt_document":"","footnotes":""},"categories":[1],"tags":[],"class_list":["post-40281","post","type-post","status-publish","format-standard","has-post-thumbnail","hentry","category-guncel"],"_links":{"self":[{"href":"https:\/\/www.egemtv.com\/index.php?rest_route=\/wp\/v2\/posts\/40281","targetHints":{"allow":["GET"]}}],"collection":[{"href":"https:\/\/www.egemtv.com\/index.php?rest_route=\/wp\/v2\/posts"}],"about":[{"href":"https:\/\/www.egemtv.com\/index.php?rest_route=\/wp\/v2\/types\/post"}],"author":[{"embeddable":true,"href":"https:\/\/www.egemtv.com\/index.php?rest_route=\/wp\/v2\/users\/1"}],"replies":[{"embeddable":true,"href":"https:\/\/www.egemtv.com\/index.php?rest_route=%2Fwp%2Fv2%2Fcomments&post=40281"}],"version-history":[{"count":1,"href":"https:\/\/www.egemtv.com\/index.php?rest_route=\/wp\/v2\/posts\/40281\/revisions"}],"predecessor-version":[{"id":40283,"href":"https:\/\/www.egemtv.com\/index.php?rest_route=\/wp\/v2\/posts\/40281\/revisions\/40283"}],"wp:featuredmedia":[{"embeddable":true,"href":"https:\/\/www.egemtv.com\/index.php?rest_route=\/wp\/v2\/media\/40282"}],"wp:attachment":[{"href":"https:\/\/www.egemtv.com\/index.php?rest_route=%2Fwp%2Fv2%2Fmedia&parent=40281"}],"wp:term":[{"taxonomy":"category","embeddable":true,"href":"https:\/\/www.egemtv.com\/index.php?rest_route=%2Fwp%2Fv2%2Fcategories&post=40281"},{"taxonomy":"post_tag","embeddable":true,"href":"https:\/\/www.egemtv.com\/index.php?rest_route=%2Fwp%2Fv2%2Ftags&post=40281"}],"curies":[{"name":"wp","href":"https:\/\/api.w.org\/{rel}","templated":true}]}}