{"id":40278,"date":"2025-07-06T21:54:58","date_gmt":"2025-07-06T18:54:58","guid":{"rendered":"https:\/\/www.egemtv.com\/?p=40278"},"modified":"2025-07-06T21:55:04","modified_gmt":"2025-07-06T18:55:04","slug":"burdurda-cikan-arazi-yangini-koylulerin-imece-usulu-calismasiyla-sonduruldu","status":"publish","type":"post","link":"https:\/\/www.egemtv.com\/?p=40278","title":{"rendered":"Burdur\u2019da \u00e7\u0131kan arazi yang\u0131n\u0131 k\u00f6yl\u00fclerin imece usul\u00fc \u00e7al\u0131\u015fmas\u0131yla s\u00f6nd\u00fcr\u00fcld\u00fc"},"content":{"rendered":"<p>Burdur\u2019un Ye\u015filova il\u00e7esi B\u00fcy\u00fckyaka k\u00f6y\u00fcnde \u00e7\u0131kan arazi yang\u0131n\u0131, k\u00f6yl\u00fclerin trakt\u00f6rleriyle imece usul\u00fc m\u00fcdahale etmesi sonucu di\u011fer tarlalara s\u0131\u00e7ramadan s\u00f6nd\u00fcr\u00fcld\u00fc.<br \/>\n<br \/>Yang\u0131n, \u00f6\u011fle saatlerinde Ye\u015filova il\u00e7esine ba\u011fl\u0131 B\u00fcy\u00fckyaka k\u00f6y\u00fcnde meydana geldi. Edinilen bilgilere g\u00f6re, k\u00f6y ovas\u0131nda yol kenar\u0131nda bulunan ekin ekili arazide yang\u0131n \u00e7\u0131kt\u0131. Yang\u0131n\u0131 fark eden k\u00f6yl\u00fcler, trakt\u00f6rleri ve su tankerleriyle h\u0131zla yang\u0131n alan\u0131na giderek s\u00f6nd\u00fcrme \u00e7al\u0131\u015fmalar\u0131na ba\u015flad\u0131. Baz\u0131 k\u00f6yl\u00fcler tankerlerdeki suyla yang\u0131na m\u00fcdahale ederken, baz\u0131lar\u0131 ise yanan alan\u0131n \u00e7evresini s\u00fcrerek alevlerin di\u011fer ekin tarlalar\u0131na ula\u015fmas\u0131n\u0131 engelledi. K\u00f6yl\u00fclerin yakla\u015f\u0131k 25 trakt\u00f6r ve 1 greyder ile \u00f6zverili m\u00fcdahalesi sonucu yang\u0131n k\u0131sa s\u00fcrede s\u00f6nd\u00fcr\u00fcl\u00fcrken 6 d\u00f6n\u00fcm arazinin yand\u0131\u011f\u0131 \u00f6\u011frenildi.<br \/><\/p>\n","protected":false},"excerpt":{"rendered":"<p>Burdur\u2019un Ye\u015filova il\u00e7esi B\u00fcy\u00fckyaka k\u00f6y\u00fcnde \u00e7\u0131kan arazi yang\u0131n\u0131, k\u00f6yl\u00fclerin trakt\u00f6rleriyle imece usul\u00fc m\u00fcdahale etmesi sonucu di\u011fer tarlalara s\u0131\u00e7ramadan s\u00f6nd\u00fcr\u00fcld\u00fc. Yang\u0131n, \u00f6\u011fle saatlerinde Ye\u015filova il\u00e7esine ba\u011fl\u0131 B\u00fcy\u00fckyaka k\u00f6y\u00fcnde meydana geldi. Edinilen bilgilere g\u00f6re, k\u00f6y ovas\u0131nda yol kenar\u0131nda bulunan ekin ekili arazide yang\u0131n \u00e7\u0131kt\u0131. Yang\u0131n\u0131 fark eden k\u00f6yl\u00fcler, trakt\u00f6rleri ve su tankerleriyle h\u0131zla yang\u0131n alan\u0131na giderek s\u00f6nd\u00fcrme&#8230;<\/p>\n","protected":false},"author":1,"featured_media":40279,"comment_status":"open","ping_status":"open","sticky":false,"template":"","format":"standard","meta":{"_crdt_document":"","footnotes":""},"categories":[5],"tags":[],"class_list":["post-40278","post","type-post","status-publish","format-standard","has-post-thumbnail","hentry","category-asayis"],"_links":{"self":[{"href":"https:\/\/www.egemtv.com\/index.php?rest_route=\/wp\/v2\/posts\/40278","targetHints":{"allow":["GET"]}}],"collection":[{"href":"https:\/\/www.egemtv.com\/index.php?rest_route=\/wp\/v2\/posts"}],"about":[{"href":"https:\/\/www.egemtv.com\/index.php?rest_route=\/wp\/v2\/types\/post"}],"author":[{"embeddable":true,"href":"https:\/\/www.egemtv.com\/index.php?rest_route=\/wp\/v2\/users\/1"}],"replies":[{"embeddable":true,"href":"https:\/\/www.egemtv.com\/index.php?rest_route=%2Fwp%2Fv2%2Fcomments&post=40278"}],"version-history":[{"count":1,"href":"https:\/\/www.egemtv.com\/index.php?rest_route=\/wp\/v2\/posts\/40278\/revisions"}],"predecessor-version":[{"id":40280,"href":"https:\/\/www.egemtv.com\/index.php?rest_route=\/wp\/v2\/posts\/40278\/revisions\/40280"}],"wp:featuredmedia":[{"embeddable":true,"href":"https:\/\/www.egemtv.com\/index.php?rest_route=\/wp\/v2\/media\/40279"}],"wp:attachment":[{"href":"https:\/\/www.egemtv.com\/index.php?rest_route=%2Fwp%2Fv2%2Fmedia&parent=40278"}],"wp:term":[{"taxonomy":"category","embeddable":true,"href":"https:\/\/www.egemtv.com\/index.php?rest_route=%2Fwp%2Fv2%2Fcategories&post=40278"},{"taxonomy":"post_tag","embeddable":true,"href":"https:\/\/www.egemtv.com\/index.php?rest_route=%2Fwp%2Fv2%2Ftags&post=40278"}],"curies":[{"name":"wp","href":"https:\/\/api.w.org\/{rel}","templated":true}]}}