{"id":40242,"date":"2025-07-06T15:16:11","date_gmt":"2025-07-06T12:16:11","guid":{"rendered":"https:\/\/www.egemtv.com\/?p=40242"},"modified":"2025-07-06T15:16:16","modified_gmt":"2025-07-06T12:16:16","slug":"takla-atan-otomobilde-4-kisi-yaralandi","status":"publish","type":"post","link":"https:\/\/www.egemtv.com\/?p=40242","title":{"rendered":"Takla atan otomobilde 4 ki\u015fi yaraland\u0131"},"content":{"rendered":"<p>Afyonkarahisar\u2019da kontrolden \u00e7\u0131k\u0131p takla at\u0131p ard\u0131ndan tar\u0131m arazisine devrilen otomobilde 4 ki\u015fi yaraland\u0131.<br \/>\n<br \/>Kaza, \u015euhut il\u00e7esine ba\u011fl\u0131 Karaadilli beldesinde meydana geldi. Edinilen bilgilere g\u00f6re O.B. idaresindeki 03 AHR 907 plakal\u0131 otomobil s\u00fcr\u00fcc\u00fcs\u00fcn\u00fcn hen\u00fcz belirlenemeyen bir sebepten \u00f6t\u00fcr\u00fc direksiyon hakimiyetini kaybetmesi sonucu kontrolden \u00e7\u0131karak takla att\u0131. Ara\u00e7 ard\u0131ndan tar\u0131m arazisine devrildi. Kazada s\u00fcr\u00fcc\u00fc ile birlikte S.B. ,A.B. ve E.B. isimli \u015fah\u0131slar yaraland\u0131. Yaral\u0131lar kaza sonras\u0131 ihbar\u0131 \u00fczerine b\u00f6lgeye gelen ambulanslarla hastanelere kald\u0131r\u0131ld\u0131.<br \/>\n<br \/>Kazan\u0131n ard\u0131ndan savc\u0131l\u0131k taraf\u0131ndan soru\u015fturma ba\u015flat\u0131ld\u0131.<br \/><\/p>\n","protected":false},"excerpt":{"rendered":"<p>Afyonkarahisar\u2019da kontrolden \u00e7\u0131k\u0131p takla at\u0131p ard\u0131ndan tar\u0131m arazisine devrilen otomobilde 4 ki\u015fi yaraland\u0131. Kaza, \u015euhut il\u00e7esine ba\u011fl\u0131 Karaadilli beldesinde meydana geldi. Edinilen bilgilere g\u00f6re O.B. idaresindeki 03 AHR 907 plakal\u0131 otomobil s\u00fcr\u00fcc\u00fcs\u00fcn\u00fcn hen\u00fcz belirlenemeyen bir sebepten \u00f6t\u00fcr\u00fc direksiyon hakimiyetini kaybetmesi sonucu kontrolden \u00e7\u0131karak takla att\u0131. Ara\u00e7 ard\u0131ndan tar\u0131m arazisine devrildi. Kazada s\u00fcr\u00fcc\u00fc ile birlikte S.B&#8230;.<\/p>\n","protected":false},"author":1,"featured_media":40243,"comment_status":"open","ping_status":"open","sticky":false,"template":"","format":"standard","meta":{"_crdt_document":"","footnotes":""},"categories":[5],"tags":[],"class_list":["post-40242","post","type-post","status-publish","format-standard","has-post-thumbnail","hentry","category-asayis"],"_links":{"self":[{"href":"https:\/\/www.egemtv.com\/index.php?rest_route=\/wp\/v2\/posts\/40242","targetHints":{"allow":["GET"]}}],"collection":[{"href":"https:\/\/www.egemtv.com\/index.php?rest_route=\/wp\/v2\/posts"}],"about":[{"href":"https:\/\/www.egemtv.com\/index.php?rest_route=\/wp\/v2\/types\/post"}],"author":[{"embeddable":true,"href":"https:\/\/www.egemtv.com\/index.php?rest_route=\/wp\/v2\/users\/1"}],"replies":[{"embeddable":true,"href":"https:\/\/www.egemtv.com\/index.php?rest_route=%2Fwp%2Fv2%2Fcomments&post=40242"}],"version-history":[{"count":1,"href":"https:\/\/www.egemtv.com\/index.php?rest_route=\/wp\/v2\/posts\/40242\/revisions"}],"predecessor-version":[{"id":40244,"href":"https:\/\/www.egemtv.com\/index.php?rest_route=\/wp\/v2\/posts\/40242\/revisions\/40244"}],"wp:featuredmedia":[{"embeddable":true,"href":"https:\/\/www.egemtv.com\/index.php?rest_route=\/wp\/v2\/media\/40243"}],"wp:attachment":[{"href":"https:\/\/www.egemtv.com\/index.php?rest_route=%2Fwp%2Fv2%2Fmedia&parent=40242"}],"wp:term":[{"taxonomy":"category","embeddable":true,"href":"https:\/\/www.egemtv.com\/index.php?rest_route=%2Fwp%2Fv2%2Fcategories&post=40242"},{"taxonomy":"post_tag","embeddable":true,"href":"https:\/\/www.egemtv.com\/index.php?rest_route=%2Fwp%2Fv2%2Ftags&post=40242"}],"curies":[{"name":"wp","href":"https:\/\/api.w.org\/{rel}","templated":true}]}}