{"id":40239,"date":"2025-07-06T15:16:03","date_gmt":"2025-07-06T12:16:03","guid":{"rendered":"https:\/\/www.egemtv.com\/?p=40239"},"modified":"2025-07-06T15:16:11","modified_gmt":"2025-07-06T12:16:11","slug":"tirla-carpisan-otomobilde-4-kisi-yaralandi","status":"publish","type":"post","link":"https:\/\/www.egemtv.com\/?p=40239","title":{"rendered":"T\u0131rla \u00e7arp\u0131\u015fan otomobilde 4 ki\u015fi yaraland\u0131"},"content":{"rendered":"<p>Afyonkarahisar\u2019da t\u0131r ile otomobilin \u00e7arp\u0131\u015fmas\u0131 sonucu yasana trafik kazas\u0131nda 4 ki\u015fi yaraland\u0131.<br \/>\n<br \/>Kaza, Sand\u0131kl\u0131 il\u00e7esi G\u00f6k\u00e7alan k\u00f6y\u00fc yak\u0131nlar\u0131nda meydana geldi. Edinilen bilgilere g\u00f6re S.Y., y\u00f6netimindeki 07 PF 909 plakali t\u0131r hen\u00fcz belirlenemeyen bir sebepten \u00f6t\u00fcr\u00fc M.K.\u2019nin kulland\u0131\u011f\u0131 16 NT 526 plakal\u0131 ara\u00e7la \u00e7arp\u0131\u015ft\u0131. Kazada M.K., ile birlikte K.K., H.K. ve M.K., yaraland\u0131. Yaral\u0131lar kaza sonras\u0131 ihbar\u0131 \u00fczerine b\u00f6lgeye gelen ambulanslarla hastanelere kald\u0131r\u0131ld\u0131.<br \/>\n<br \/>Kazan\u0131n ard\u0131ndan savc\u0131l\u0131k taraf\u0131ndan soru\u015fturma ba\u015flat\u0131ld\u0131.<br \/><\/p>\n","protected":false},"excerpt":{"rendered":"<p>Afyonkarahisar\u2019da t\u0131r ile otomobilin \u00e7arp\u0131\u015fmas\u0131 sonucu yasana trafik kazas\u0131nda 4 ki\u015fi yaraland\u0131. Kaza, Sand\u0131kl\u0131 il\u00e7esi G\u00f6k\u00e7alan k\u00f6y\u00fc yak\u0131nlar\u0131nda meydana geldi. Edinilen bilgilere g\u00f6re S.Y., y\u00f6netimindeki 07 PF 909 plakali t\u0131r hen\u00fcz belirlenemeyen bir sebepten \u00f6t\u00fcr\u00fc M.K.\u2019nin kulland\u0131\u011f\u0131 16 NT 526 plakal\u0131 ara\u00e7la \u00e7arp\u0131\u015ft\u0131. Kazada M.K., ile birlikte K.K., H.K. ve M.K., yaraland\u0131. Yaral\u0131lar kaza sonras\u0131&#8230;<\/p>\n","protected":false},"author":1,"featured_media":40240,"comment_status":"open","ping_status":"open","sticky":false,"template":"","format":"standard","meta":{"_crdt_document":"","footnotes":""},"categories":[5],"tags":[],"class_list":["post-40239","post","type-post","status-publish","format-standard","has-post-thumbnail","hentry","category-asayis"],"_links":{"self":[{"href":"https:\/\/www.egemtv.com\/index.php?rest_route=\/wp\/v2\/posts\/40239","targetHints":{"allow":["GET"]}}],"collection":[{"href":"https:\/\/www.egemtv.com\/index.php?rest_route=\/wp\/v2\/posts"}],"about":[{"href":"https:\/\/www.egemtv.com\/index.php?rest_route=\/wp\/v2\/types\/post"}],"author":[{"embeddable":true,"href":"https:\/\/www.egemtv.com\/index.php?rest_route=\/wp\/v2\/users\/1"}],"replies":[{"embeddable":true,"href":"https:\/\/www.egemtv.com\/index.php?rest_route=%2Fwp%2Fv2%2Fcomments&post=40239"}],"version-history":[{"count":1,"href":"https:\/\/www.egemtv.com\/index.php?rest_route=\/wp\/v2\/posts\/40239\/revisions"}],"predecessor-version":[{"id":40241,"href":"https:\/\/www.egemtv.com\/index.php?rest_route=\/wp\/v2\/posts\/40239\/revisions\/40241"}],"wp:featuredmedia":[{"embeddable":true,"href":"https:\/\/www.egemtv.com\/index.php?rest_route=\/wp\/v2\/media\/40240"}],"wp:attachment":[{"href":"https:\/\/www.egemtv.com\/index.php?rest_route=%2Fwp%2Fv2%2Fmedia&parent=40239"}],"wp:term":[{"taxonomy":"category","embeddable":true,"href":"https:\/\/www.egemtv.com\/index.php?rest_route=%2Fwp%2Fv2%2Fcategories&post=40239"},{"taxonomy":"post_tag","embeddable":true,"href":"https:\/\/www.egemtv.com\/index.php?rest_route=%2Fwp%2Fv2%2Ftags&post=40239"}],"curies":[{"name":"wp","href":"https:\/\/api.w.org\/{rel}","templated":true}]}}