{"id":40236,"date":"2025-07-06T14:56:32","date_gmt":"2025-07-06T11:56:32","guid":{"rendered":"https:\/\/www.egemtv.com\/?p=40236"},"modified":"2025-07-06T14:56:36","modified_gmt":"2025-07-06T11:56:36","slug":"bagis-kumbarasini-calan-zanli-serbest-birakildi","status":"publish","type":"post","link":"https:\/\/www.egemtv.com\/?p=40236","title":{"rendered":"Ba\u011f\u0131\u015f kumbaras\u0131n\u0131 \u00e7alan zanl\u0131 serbest b\u0131rak\u0131ld\u0131"},"content":{"rendered":"<p>Isparta\u2019da hasta bir \u00e7ocuk i\u00e7in ba\u015flat\u0131lan yard\u0131m kampanyas\u0131nda toplanan paralar\u0131n yer ald\u0131\u011f\u0131 kumbaran\u0131n \u00e7al\u0131nmas\u0131 sonras\u0131 yakalanan zanl\u0131, sevk edildi\u011fi mahkemece serbest b\u0131rak\u0131ld\u0131.<br \/>\n<br \/>Isparta\u2019da kas erimesi (Duchenne Musk\u00fcler Distrofi-DMD) hastas\u0131 16 ya\u015f\u0131ndaki G\u00f6rkem Efe \u015eeng\u00fcn i\u00e7in yard\u0131m kampanyas\u0131 ba\u015flat\u0131ld\u0131. S\u00fcleyman Demirel \u00dcniversitesi (SD\u00dc) Ara\u015ft\u0131rma ve Uygulama Hastanesi poliklinik dan\u0131\u015fma b\u00f6l\u00fcm\u00fcne yerle\u015ftirilen ba\u011f\u0131\u015f kumbaras\u0131, kimli\u011fi belirsiz bir ki\u015fi taraf\u0131ndan yerinden al\u0131n\u0131p bodrum kata indirildi. Zanl\u0131 cam\u0131 k\u0131rarak i\u00e7indeki paralar\u0131 al\u0131rken, olay g\u00fcvenlik kameralar\u0131na yans\u0131d\u0131. Kumbaran\u0131n yerinde olmad\u0131\u011f\u0131n\u0131 fark eden hastane yetkilileri, durumu ilk olarak G\u00f6rkem Efe\u2019nin babas\u0131 Alper \u015eeng\u00fcn\u2019e bildirerek, &#8220;Siz mi ald\u0131n\u0131z?&#8221; sorusunu y\u00f6neltti. Baba \u015eeng\u00fcn\u2019\u00fcn &#8220;Hay\u0131r&#8221; yan\u0131t\u0131 \u00fczerine olay polise bildirildi. Isparta \u0130l Emniyet M\u00fcd\u00fcrl\u00fc\u011f\u00fc ekipleri, g\u00fcvenlik kameras\u0131 g\u00f6r\u00fcnt\u00fclerinden \u015f\u00fcphelinin E.\u00c7. (20) oldu\u011funu belirledi. G\u00f6zalt\u0131na al\u0131nan ve emniyetteki i\u015flemlerinin ard\u0131ndan mahkemeye sevk edilen E.\u00c7., \u00e7\u0131kar\u0131ld\u0131\u011f\u0131 mahkemece serbest b\u0131rak\u0131ld\u0131.<br \/><\/p>\n","protected":false},"excerpt":{"rendered":"<p>Isparta\u2019da hasta bir \u00e7ocuk i\u00e7in ba\u015flat\u0131lan yard\u0131m kampanyas\u0131nda toplanan paralar\u0131n yer ald\u0131\u011f\u0131 kumbaran\u0131n \u00e7al\u0131nmas\u0131 sonras\u0131 yakalanan zanl\u0131, sevk edildi\u011fi mahkemece serbest b\u0131rak\u0131ld\u0131. Isparta\u2019da kas erimesi (Duchenne Musk\u00fcler Distrofi-DMD) hastas\u0131 16 ya\u015f\u0131ndaki G\u00f6rkem Efe \u015eeng\u00fcn i\u00e7in yard\u0131m kampanyas\u0131 ba\u015flat\u0131ld\u0131. S\u00fcleyman Demirel \u00dcniversitesi (SD\u00dc) Ara\u015ft\u0131rma ve Uygulama Hastanesi poliklinik dan\u0131\u015fma b\u00f6l\u00fcm\u00fcne yerle\u015ftirilen ba\u011f\u0131\u015f kumbaras\u0131, kimli\u011fi belirsiz bir&#8230;<\/p>\n","protected":false},"author":1,"featured_media":40237,"comment_status":"open","ping_status":"open","sticky":false,"template":"","format":"standard","meta":{"_crdt_document":"","footnotes":""},"categories":[5],"tags":[],"class_list":["post-40236","post","type-post","status-publish","format-standard","has-post-thumbnail","hentry","category-asayis"],"_links":{"self":[{"href":"https:\/\/www.egemtv.com\/index.php?rest_route=\/wp\/v2\/posts\/40236","targetHints":{"allow":["GET"]}}],"collection":[{"href":"https:\/\/www.egemtv.com\/index.php?rest_route=\/wp\/v2\/posts"}],"about":[{"href":"https:\/\/www.egemtv.com\/index.php?rest_route=\/wp\/v2\/types\/post"}],"author":[{"embeddable":true,"href":"https:\/\/www.egemtv.com\/index.php?rest_route=\/wp\/v2\/users\/1"}],"replies":[{"embeddable":true,"href":"https:\/\/www.egemtv.com\/index.php?rest_route=%2Fwp%2Fv2%2Fcomments&post=40236"}],"version-history":[{"count":1,"href":"https:\/\/www.egemtv.com\/index.php?rest_route=\/wp\/v2\/posts\/40236\/revisions"}],"predecessor-version":[{"id":40238,"href":"https:\/\/www.egemtv.com\/index.php?rest_route=\/wp\/v2\/posts\/40236\/revisions\/40238"}],"wp:featuredmedia":[{"embeddable":true,"href":"https:\/\/www.egemtv.com\/index.php?rest_route=\/wp\/v2\/media\/40237"}],"wp:attachment":[{"href":"https:\/\/www.egemtv.com\/index.php?rest_route=%2Fwp%2Fv2%2Fmedia&parent=40236"}],"wp:term":[{"taxonomy":"category","embeddable":true,"href":"https:\/\/www.egemtv.com\/index.php?rest_route=%2Fwp%2Fv2%2Fcategories&post=40236"},{"taxonomy":"post_tag","embeddable":true,"href":"https:\/\/www.egemtv.com\/index.php?rest_route=%2Fwp%2Fv2%2Ftags&post=40236"}],"curies":[{"name":"wp","href":"https:\/\/api.w.org\/{rel}","templated":true}]}}