{"id":40233,"date":"2025-07-06T14:56:29","date_gmt":"2025-07-06T11:56:29","guid":{"rendered":"https:\/\/www.egemtv.com\/?p=40233"},"modified":"2025-07-06T14:56:32","modified_gmt":"2025-07-06T11:56:32","slug":"emette-bicerdoverdeki-yangini-koyluler-su-tankeriyle-sondurdu","status":"publish","type":"post","link":"https:\/\/www.egemtv.com\/?p=40233","title":{"rendered":"Emet\u2019te bi\u00e7erd\u00f6verdeki yang\u0131n\u0131 k\u00f6yl\u00fcler su tankeriyle s\u00f6nd\u00fcrd\u00fc"},"content":{"rendered":"<p>K\u00fctahya\u2019n\u0131n Emet il\u00e7esi Yenicek\u00f6y\u2019de bi\u00e7erd\u00f6verde \u00e7\u0131kan yang\u0131n, k\u00f6y muhtarl\u0131\u011f\u0131n\u0131n su tankeri ile s\u00f6nd\u00fcr\u00fcld\u00fc.<br \/>\n<br \/>Edinilen bilgiye g\u00f6re, il\u00e7eye ba\u011fl\u0131 Yenicek\u00f6y\u2019de arazide \u00e7al\u0131\u015fma yapan bi\u00e7erd\u00f6verin motor b\u00f6l\u00fcm\u00fcnde hen\u00fcz belirlenemeyen bir nedenle yang\u0131n \u00e7\u0131kt\u0131. Bi\u00e7erd\u00f6verdeki yang\u0131n, o anda \u00e7al\u0131\u015fma b\u00f6lgesinde haz\u0131r bekleyen k\u00f6y muhtarl\u0131\u011f\u0131na ait su tankeri ile b\u00fcy\u00fcmeden s\u00f6nd\u00fcr\u00fcld\u00fc. Daha sonra ihbar \u00fczerine olay yerine sevk edilen Emet itfaiye ekiplerince yap\u0131lan so\u011futma \u00e7al\u0131\u015fmas\u0131yla bi\u00e7erd\u00f6verdeki yang\u0131n tamamen s\u00f6nd\u00fcr\u00fcld\u00fc. Yang\u0131n sonucu elektrik aksam\u0131 ve motoru tamamen yanan bi\u00e7erd\u00f6verde hasar meydana geldi.<br \/><\/p>\n","protected":false},"excerpt":{"rendered":"<p>K\u00fctahya\u2019n\u0131n Emet il\u00e7esi Yenicek\u00f6y\u2019de bi\u00e7erd\u00f6verde \u00e7\u0131kan yang\u0131n, k\u00f6y muhtarl\u0131\u011f\u0131n\u0131n su tankeri ile s\u00f6nd\u00fcr\u00fcld\u00fc. Edinilen bilgiye g\u00f6re, il\u00e7eye ba\u011fl\u0131 Yenicek\u00f6y\u2019de arazide \u00e7al\u0131\u015fma yapan bi\u00e7erd\u00f6verin motor b\u00f6l\u00fcm\u00fcnde hen\u00fcz belirlenemeyen bir nedenle yang\u0131n \u00e7\u0131kt\u0131. Bi\u00e7erd\u00f6verdeki yang\u0131n, o anda \u00e7al\u0131\u015fma b\u00f6lgesinde haz\u0131r bekleyen k\u00f6y muhtarl\u0131\u011f\u0131na ait su tankeri ile b\u00fcy\u00fcmeden s\u00f6nd\u00fcr\u00fcld\u00fc. Daha sonra ihbar \u00fczerine olay yerine sevk edilen&#8230;<\/p>\n","protected":false},"author":1,"featured_media":40234,"comment_status":"open","ping_status":"open","sticky":false,"template":"","format":"standard","meta":{"_crdt_document":"","footnotes":""},"categories":[5],"tags":[],"class_list":["post-40233","post","type-post","status-publish","format-standard","has-post-thumbnail","hentry","category-asayis"],"_links":{"self":[{"href":"https:\/\/www.egemtv.com\/index.php?rest_route=\/wp\/v2\/posts\/40233","targetHints":{"allow":["GET"]}}],"collection":[{"href":"https:\/\/www.egemtv.com\/index.php?rest_route=\/wp\/v2\/posts"}],"about":[{"href":"https:\/\/www.egemtv.com\/index.php?rest_route=\/wp\/v2\/types\/post"}],"author":[{"embeddable":true,"href":"https:\/\/www.egemtv.com\/index.php?rest_route=\/wp\/v2\/users\/1"}],"replies":[{"embeddable":true,"href":"https:\/\/www.egemtv.com\/index.php?rest_route=%2Fwp%2Fv2%2Fcomments&post=40233"}],"version-history":[{"count":1,"href":"https:\/\/www.egemtv.com\/index.php?rest_route=\/wp\/v2\/posts\/40233\/revisions"}],"predecessor-version":[{"id":40235,"href":"https:\/\/www.egemtv.com\/index.php?rest_route=\/wp\/v2\/posts\/40233\/revisions\/40235"}],"wp:featuredmedia":[{"embeddable":true,"href":"https:\/\/www.egemtv.com\/index.php?rest_route=\/wp\/v2\/media\/40234"}],"wp:attachment":[{"href":"https:\/\/www.egemtv.com\/index.php?rest_route=%2Fwp%2Fv2%2Fmedia&parent=40233"}],"wp:term":[{"taxonomy":"category","embeddable":true,"href":"https:\/\/www.egemtv.com\/index.php?rest_route=%2Fwp%2Fv2%2Fcategories&post=40233"},{"taxonomy":"post_tag","embeddable":true,"href":"https:\/\/www.egemtv.com\/index.php?rest_route=%2Fwp%2Fv2%2Ftags&post=40233"}],"curies":[{"name":"wp","href":"https:\/\/api.w.org\/{rel}","templated":true}]}}