{"id":40230,"date":"2025-07-06T14:56:25","date_gmt":"2025-07-06T11:56:25","guid":{"rendered":"https:\/\/www.egemtv.com\/?p=40230"},"modified":"2025-07-06T14:56:29","modified_gmt":"2025-07-06T11:56:29","slug":"soke-taris-baskani-ozer-pamuga-su-yoksa-sokede-hayat-yok","status":"publish","type":"post","link":"https:\/\/www.egemtv.com\/?p=40230","title":{"rendered":"S\u00f6ke TAR\u0130\u015e Ba\u015fkan\u0131 \u00d6zer: &#8220;Pamu\u011fa su yoksa, S\u00f6ke\u2019de hayat yok&#8221;"},"content":{"rendered":"<p>S\u00f6ke Ovas\u0131\u2019nda pamuk \u00fcreticileri susuzluk kriziyle kar\u015f\u0131 kar\u015f\u0131ya gelirken, S\u00f6ke\u2019de mevcut 250 bin d\u00f6n\u00fcml\u00fck pamuk ekili arazi kuruma tehlikesiyle burun buruna kald\u0131. S\u00f6ke Tari\u015f Pamuk Kooperatifi Ba\u015fkan\u0131 \u0130smail \u00d6zer ya\u015fananlar\u0131 \u2018hayat memat meselesi\u2019 olarak tan\u0131mlarken, &#8220;Pamu\u011fa su yoksa, S\u00f6ke\u2019de hayat yok&#8221; dedi.<\/p>\n<p>Pamuk \u00fcretim sezonunda sulama tart\u0131\u015fmalar\u0131 devam ederken, S\u00f6keli \u00fcreticilerin umudu da suya d\u00fc\u015fmek \u00fczere. \u0130lk etapta umut veren a\u00e7\u0131klamalarla pamukta ikinci suyun verilece\u011fi belirtilmi\u015f olsa da, ger\u00e7ekte 250 bin d\u00f6n\u00fcml\u00fck ekili alan\u0131n hen\u00fcz bir damla suya dahi ula\u015famad\u0131\u011f\u0131 ifade ediliyor. S\u00f6ke Tari\u015f Pamuk Kooperatifi Ba\u015fkan\u0131 \u0130smail \u00d6zer yapt\u0131\u011f\u0131 a\u00e7\u0131klamada \u00e7ift\u00e7ilerin ya\u015fad\u0131\u011f\u0131 ma\u011fduriyete dikkat \u00e7ekerek, &#8220;S\u00f6ke Ovas\u0131\u2019nda pamuk yan\u0131yor, \u00fcretici g\u00f6z g\u00f6re g\u00f6re \u00e7aresizli\u011fe itiliyor&#8221; ifadelerini kulland\u0131.<\/p>\n<p>Ba\u015fkan \u00d6zer sulama politikalar\u0131nda S\u00f6ke\u2019ye haks\u0131zl\u0131k yap\u0131ld\u0131\u011f\u0131n\u0131 belirterek, &#8220;S\u00f6ke\u2019den \u00f6nceki araziler pamukta ilk suyunu alm\u0131\u015f durumda. \u00dcr\u00fcnler kozaya gelmi\u015fken, d\u00fcnyan\u0131n say\u0131l\u0131 pamuk merkezlerinden biri olan S\u00f6ke\u2019de \u00fcretici adeta kurakl\u0131\u011fa terk edilmi\u015ftir&#8221; dedi.<\/p>\n<p>Sulama g\u00f6revlilerinin &#8220;an\u0131z suyu bitmeden pamu\u011fa su yok&#8221; \u015feklindeki yakla\u015f\u0131m\u0131 ise b\u00f6lge \u00fcreticilerinin tepkisini \u00e7ekerken, \u00d6zer bu durumu, &#8220;Bu bilin\u00e7siz uygulamalar \u00e7ift\u00e7imizin ekme\u011fine kan do\u011framakt\u0131r&#8221; s\u00f6zleriyle de\u011ferlendirdi.<\/p>\n<p>Valilik ve DS\u0130\u2019ye acil \u00e7a\u011fr\u0131<br \/>\n<br \/>S\u00f6keli \u00e7ift\u00e7ilerin al\u0131n teriyle ayakta durdu\u011funu vurgulayan \u00d6zer, Ayd\u0131n Valili\u011fi, DS\u0130 B\u00f6lge M\u00fcd\u00fcrl\u00fc\u011f\u00fc ve milletvekillerine seslenerek, &#8220;Bu b\u00f6lgenin insan\u0131 pamu\u011fa eme\u011fini, gelece\u011fini, ya\u015fam\u0131n\u0131 emanet etti. Acil m\u00fcdahale \u015fart. Aksi takdirde sadece \u00fcr\u00fcn de\u011fil, bir b\u00f6lgenin ekonomik dengesi ve aile d\u00fczeni yok olacak&#8221; dedi.<\/p>\n<p>&#8220;S\u00f6ke \u00fcvey evlat de\u011fildir&#8221;<br \/>\n<br \/>T\u00fcm Ayd\u0131n Ovas\u0131\u2019na su verilmi\u015fken sadece S\u00f6kenin d\u0131\u015far\u0131da b\u0131rak\u0131lmas\u0131n\u0131n kabul edilemez oldu\u011funu belirten \u00d6zer, &#8220;S\u00f6ke\u2019nin \u00fcreticisi \u00fcvey evlat de\u011fildir. \u00dcreticinin al\u0131n teri, gelece\u011fi heba edilemez. Pamuk yanarsa S\u00f6ke yanar. S\u00f6ke yanarsa Ayd\u0131n ekonomisi yanar&#8221; dedi.<\/p>\n<p>&#8220;Aile y\u0131l\u0131nda aileleri susuz b\u0131rakmay\u0131n&#8221;<br \/>\n<br \/>S\u00f6zlerinin sonunda Cumhurba\u015fkan\u0131 Recep Tayyip Erdo\u011fan\u2019\u0131n 2025\u2019i \u2019Aile Y\u0131l\u0131\u2019 ilan etti\u011fini hat\u0131rlatan Ba\u015fkan \u00d6zer, &#8220;Bu \u00f6nemli y\u0131lda S\u00f6ke Ovas\u0131\u2019n\u0131, \u00fcreticisini susuz b\u0131rak\u0131p onlar\u0131n ailelerini ve d\u00fczenlerini ate\u015fe atmay\u0131n. Pamu\u011fa can suyu, \u00fcreticiye nefes verin&#8221; diye konu\u015ftu.<br \/><\/p>\n","protected":false},"excerpt":{"rendered":"<p>S\u00f6ke Ovas\u0131\u2019nda pamuk \u00fcreticileri susuzluk kriziyle kar\u015f\u0131 kar\u015f\u0131ya gelirken, S\u00f6ke\u2019de mevcut 250 bin d\u00f6n\u00fcml\u00fck pamuk ekili arazi kuruma tehlikesiyle burun buruna kald\u0131. S\u00f6ke Tari\u015f Pamuk Kooperatifi Ba\u015fkan\u0131 \u0130smail \u00d6zer ya\u015fananlar\u0131 \u2018hayat memat meselesi\u2019 olarak tan\u0131mlarken, &#8220;Pamu\u011fa su yoksa, S\u00f6ke\u2019de hayat yok&#8221; dedi. Pamuk \u00fcretim sezonunda sulama tart\u0131\u015fmalar\u0131 devam ederken, S\u00f6keli \u00fcreticilerin umudu da suya d\u00fc\u015fmek&#8230;<\/p>\n","protected":false},"author":1,"featured_media":40231,"comment_status":"open","ping_status":"open","sticky":false,"template":"","format":"standard","meta":{"_crdt_document":"","footnotes":""},"categories":[125],"tags":[],"class_list":["post-40230","post","type-post","status-publish","format-standard","has-post-thumbnail","hentry","category-ekonomi"],"_links":{"self":[{"href":"https:\/\/www.egemtv.com\/index.php?rest_route=\/wp\/v2\/posts\/40230","targetHints":{"allow":["GET"]}}],"collection":[{"href":"https:\/\/www.egemtv.com\/index.php?rest_route=\/wp\/v2\/posts"}],"about":[{"href":"https:\/\/www.egemtv.com\/index.php?rest_route=\/wp\/v2\/types\/post"}],"author":[{"embeddable":true,"href":"https:\/\/www.egemtv.com\/index.php?rest_route=\/wp\/v2\/users\/1"}],"replies":[{"embeddable":true,"href":"https:\/\/www.egemtv.com\/index.php?rest_route=%2Fwp%2Fv2%2Fcomments&post=40230"}],"version-history":[{"count":1,"href":"https:\/\/www.egemtv.com\/index.php?rest_route=\/wp\/v2\/posts\/40230\/revisions"}],"predecessor-version":[{"id":40232,"href":"https:\/\/www.egemtv.com\/index.php?rest_route=\/wp\/v2\/posts\/40230\/revisions\/40232"}],"wp:featuredmedia":[{"embeddable":true,"href":"https:\/\/www.egemtv.com\/index.php?rest_route=\/wp\/v2\/media\/40231"}],"wp:attachment":[{"href":"https:\/\/www.egemtv.com\/index.php?rest_route=%2Fwp%2Fv2%2Fmedia&parent=40230"}],"wp:term":[{"taxonomy":"category","embeddable":true,"href":"https:\/\/www.egemtv.com\/index.php?rest_route=%2Fwp%2Fv2%2Fcategories&post=40230"},{"taxonomy":"post_tag","embeddable":true,"href":"https:\/\/www.egemtv.com\/index.php?rest_route=%2Fwp%2Fv2%2Ftags&post=40230"}],"curies":[{"name":"wp","href":"https:\/\/api.w.org\/{rel}","templated":true}]}}