{"id":40227,"date":"2025-07-06T14:19:09","date_gmt":"2025-07-06T11:19:09","guid":{"rendered":"https:\/\/www.egemtv.com\/?p=40227"},"modified":"2025-07-06T14:19:13","modified_gmt":"2025-07-06T11:19:13","slug":"manus-baba-demotta-hayranlariyla-bir-araya-geldi","status":"publish","type":"post","link":"https:\/\/www.egemtv.com\/?p=40227","title":{"rendered":"Manu\u015f Baba, DEMOT\u2019ta hayranlar\u0131yla bir araya geldi"},"content":{"rendered":"<p>Denizli Motorlu Ta\u015f\u0131tlar Fuar\u0131n\u0131n 4. g\u00fcn\u00fcnde sahne alan Manu\u015f Baba sevilen \u015fark\u0131lar\u0131n\u0131 hayranlar\u0131yla birlikte seslendirdi.<br \/>\n<br \/>Bizim Fuarc\u0131l\u0131k taraf\u0131ndan d\u00fczenlenen Denizli Motorlu Ta\u015f\u0131tlar (DEMOT) Fuar\u0131nda hayranlar\u0131 ile bulu\u015fan Manu\u015f Baba, unutulmaz bir gece ya\u015fatt\u0131. EGS Park Fuar alan\u0131nda d\u00fczenlenen konserde sahne alan Manu\u015f Baba, yakla\u015f\u0131k onlarca Denizlilinin kat\u0131l\u0131m\u0131yla d\u00fczenlenen etkinlikte be\u011feniyle dinlenen eserlerini seslendirdi. Yakla\u015f\u0131k 2 saat sahnede kalan sanat\u00e7\u0131, &#8220;Bu Havada Gidilmez&#8221;, &#8220;Ete\u011fi Belinde&#8221;, &#8220;Haberin Var M\u0131?&#8221; ve &#8220;D\u00f6nersen Isl\u0131k \u00c7al&#8221; gibi geni\u015f kitlelerce bilinen \u015fark\u0131lar\u0131n\u0131 sevenleri i\u00e7in seslendirdi. Konser boyunca cep telefonlar\u0131n\u0131n \u0131\u015f\u0131klar\u0131yla \u015fark\u0131lara e\u015flik eden izleyiciler, renkli g\u00f6r\u00fcnt\u00fcler olu\u015fturdu. Sanat\u00e7\u0131n\u0131n performans\u0131 izleyicilerden yo\u011fun alk\u0131\u015f ald\u0131.<br \/>\n<br \/>Konserlerin iptal edildi\u011fi provokasyonuna de\u011finen Bizim Fuarc\u0131l\u0131k Y\u00f6netim Kurulu Ba\u015fkan\u0131 Birol Karata\u015f, &#8220;\u00e7ok b\u00fcy\u00fck emekler verdik. Gelenler oldu, gelemeyenler oldu. Biz bir bilgi kirlili\u011fi ya\u015fad\u0131k. Sizlere de geldi mi bilmiyorum ama bununla u\u011fra\u015ft\u0131k. Yar\u0131nda etkinliklerimiz burada devam ediyor. Bu yanl\u0131\u015f bilgileri yayanlar\u0131 k\u0131n\u0131yoruz&#8221; dedi.<br \/><\/p>\n","protected":false},"excerpt":{"rendered":"<p>Denizli Motorlu Ta\u015f\u0131tlar Fuar\u0131n\u0131n 4. g\u00fcn\u00fcnde sahne alan Manu\u015f Baba sevilen \u015fark\u0131lar\u0131n\u0131 hayranlar\u0131yla birlikte seslendirdi. Bizim Fuarc\u0131l\u0131k taraf\u0131ndan d\u00fczenlenen Denizli Motorlu Ta\u015f\u0131tlar (DEMOT) Fuar\u0131nda hayranlar\u0131 ile bulu\u015fan Manu\u015f Baba, unutulmaz bir gece ya\u015fatt\u0131. EGS Park Fuar alan\u0131nda d\u00fczenlenen konserde sahne alan Manu\u015f Baba, yakla\u015f\u0131k onlarca Denizlilinin kat\u0131l\u0131m\u0131yla d\u00fczenlenen etkinlikte be\u011feniyle dinlenen eserlerini seslendirdi. Yakla\u015f\u0131k 2&#8230;<\/p>\n","protected":false},"author":1,"featured_media":40228,"comment_status":"open","ping_status":"open","sticky":false,"template":"","format":"standard","meta":{"_crdt_document":"","footnotes":""},"categories":[1],"tags":[],"class_list":["post-40227","post","type-post","status-publish","format-standard","has-post-thumbnail","hentry","category-guncel"],"_links":{"self":[{"href":"https:\/\/www.egemtv.com\/index.php?rest_route=\/wp\/v2\/posts\/40227","targetHints":{"allow":["GET"]}}],"collection":[{"href":"https:\/\/www.egemtv.com\/index.php?rest_route=\/wp\/v2\/posts"}],"about":[{"href":"https:\/\/www.egemtv.com\/index.php?rest_route=\/wp\/v2\/types\/post"}],"author":[{"embeddable":true,"href":"https:\/\/www.egemtv.com\/index.php?rest_route=\/wp\/v2\/users\/1"}],"replies":[{"embeddable":true,"href":"https:\/\/www.egemtv.com\/index.php?rest_route=%2Fwp%2Fv2%2Fcomments&post=40227"}],"version-history":[{"count":1,"href":"https:\/\/www.egemtv.com\/index.php?rest_route=\/wp\/v2\/posts\/40227\/revisions"}],"predecessor-version":[{"id":40229,"href":"https:\/\/www.egemtv.com\/index.php?rest_route=\/wp\/v2\/posts\/40227\/revisions\/40229"}],"wp:featuredmedia":[{"embeddable":true,"href":"https:\/\/www.egemtv.com\/index.php?rest_route=\/wp\/v2\/media\/40228"}],"wp:attachment":[{"href":"https:\/\/www.egemtv.com\/index.php?rest_route=%2Fwp%2Fv2%2Fmedia&parent=40227"}],"wp:term":[{"taxonomy":"category","embeddable":true,"href":"https:\/\/www.egemtv.com\/index.php?rest_route=%2Fwp%2Fv2%2Fcategories&post=40227"},{"taxonomy":"post_tag","embeddable":true,"href":"https:\/\/www.egemtv.com\/index.php?rest_route=%2Fwp%2Fv2%2Ftags&post=40227"}],"curies":[{"name":"wp","href":"https:\/\/api.w.org\/{rel}","templated":true}]}}