{"id":40224,"date":"2025-07-06T14:19:04","date_gmt":"2025-07-06T11:19:04","guid":{"rendered":"https:\/\/www.egemtv.com\/?p=40224"},"modified":"2025-07-06T14:19:08","modified_gmt":"2025-07-06T11:19:08","slug":"oglunu-yerde-yarali-goren-babanin-feryadi-yurekleri-dagladi","status":"publish","type":"post","link":"https:\/\/www.egemtv.com\/?p=40224","title":{"rendered":"O\u011flunu yerde yaral\u0131 g\u00f6ren baban\u0131n feryad\u0131 y\u00fcrekleri da\u011flad\u0131"},"content":{"rendered":"<p>Ayd\u0131n\u2019\u0131n Didim il\u00e7esinde motosiklet ile otomobilin \u00e7arp\u0131\u015ft\u0131\u011f\u0131 kazada yaralanan gen\u00e7 s\u00fcr\u00fcc\u00fcy\u00fc yerde yatarken g\u00f6ren babas\u0131n\u0131n &#8220;O\u011flum&#8221; diyerek feryat etmesi y\u00fcrekleri da\u011flad\u0131. Yaral\u0131 s\u00fcr\u00fcc\u00fc hastaneye kald\u0131r\u0131ld\u0131.<br \/>\n<br \/>Kaza, saat 00.15 s\u0131ralar\u0131nda Mavi\u015fehir Mahallesi Mersindere Caddesi \u00fczerinde meydana geldi. Edinilen bilgiye g\u00f6re, Sinan A. idaresindeki 34 SN 2985 plakal\u0131 Chery marka otomobil, kav\u015fakta U d\u00f6n\u00fc\u015f\u00fc yapmak isterken Ula\u015f T. y\u00f6netimindeki 07 GCT 13 plakal\u0131 motosikletle \u00e7arp\u0131\u015ft\u0131. \u00c7arp\u0131\u015fman\u0131n \u015fiddetiyle savrulan motosiklet s\u00fcr\u00fcc\u00fcs\u00fc Ula\u015f T., yere d\u00fc\u015ferek yaraland\u0131. Kazay\u0131 g\u00f6ren \u00e7evredeki vatanda\u015flar durumu hemen 112 Acil \u00c7a\u011fr\u0131 Merkezi\u2019ne bildirdi. Olay yerine sa\u011fl\u0131k ve polis ekipleri sevk edilirken, \u00e7evredeki vatanda\u015flar sa\u011fl\u0131k ekipleri gelene kadar yaral\u0131 gencin bilincini a\u00e7\u0131k tutmak i\u00e7in seferber oldu.<\/p>\n<p>O\u011flunu yerde yaral\u0131 olarak g\u00f6ren baba feryat etti<br \/>\n<br \/>Kaza haberini al\u0131r almaz olay yerine gelen Ula\u015f T.\u2019nin babas\u0131, o\u011flunu yerde yaral\u0131 halde g\u00f6r\u00fcnce &#8220;O\u011flum&#8221; diyerek feryat etti. Baban\u0131n y\u00fcrek yakan \u00e7\u0131\u011fl\u0131klar\u0131 \u00e7evrede duygusal anlar ya\u015fanmas\u0131na neden oldu. Yaral\u0131 s\u00fcr\u00fcc\u00fc, sa\u011fl\u0131k ekiplerinin olay yerindeki ilk m\u00fcdahalesinin ard\u0131ndan ambulansla hastaneye kald\u0131r\u0131ld\u0131.<br \/>\n<br \/>Polis ekipleri kazayla ilgili inceleme ba\u015flatt\u0131.<br \/><\/p>\n","protected":false},"excerpt":{"rendered":"<p>Ayd\u0131n\u2019\u0131n Didim il\u00e7esinde motosiklet ile otomobilin \u00e7arp\u0131\u015ft\u0131\u011f\u0131 kazada yaralanan gen\u00e7 s\u00fcr\u00fcc\u00fcy\u00fc yerde yatarken g\u00f6ren babas\u0131n\u0131n &#8220;O\u011flum&#8221; diyerek feryat etmesi y\u00fcrekleri da\u011flad\u0131. Yaral\u0131 s\u00fcr\u00fcc\u00fc hastaneye kald\u0131r\u0131ld\u0131. Kaza, saat 00.15 s\u0131ralar\u0131nda Mavi\u015fehir Mahallesi Mersindere Caddesi \u00fczerinde meydana geldi. Edinilen bilgiye g\u00f6re, Sinan A. idaresindeki 34 SN 2985 plakal\u0131 Chery marka otomobil, kav\u015fakta U d\u00f6n\u00fc\u015f\u00fc yapmak isterken Ula\u015f&#8230;<\/p>\n","protected":false},"author":1,"featured_media":40225,"comment_status":"open","ping_status":"open","sticky":false,"template":"","format":"standard","meta":{"_crdt_document":"","footnotes":""},"categories":[5],"tags":[],"class_list":["post-40224","post","type-post","status-publish","format-standard","has-post-thumbnail","hentry","category-asayis"],"_links":{"self":[{"href":"https:\/\/www.egemtv.com\/index.php?rest_route=\/wp\/v2\/posts\/40224","targetHints":{"allow":["GET"]}}],"collection":[{"href":"https:\/\/www.egemtv.com\/index.php?rest_route=\/wp\/v2\/posts"}],"about":[{"href":"https:\/\/www.egemtv.com\/index.php?rest_route=\/wp\/v2\/types\/post"}],"author":[{"embeddable":true,"href":"https:\/\/www.egemtv.com\/index.php?rest_route=\/wp\/v2\/users\/1"}],"replies":[{"embeddable":true,"href":"https:\/\/www.egemtv.com\/index.php?rest_route=%2Fwp%2Fv2%2Fcomments&post=40224"}],"version-history":[{"count":1,"href":"https:\/\/www.egemtv.com\/index.php?rest_route=\/wp\/v2\/posts\/40224\/revisions"}],"predecessor-version":[{"id":40226,"href":"https:\/\/www.egemtv.com\/index.php?rest_route=\/wp\/v2\/posts\/40224\/revisions\/40226"}],"wp:featuredmedia":[{"embeddable":true,"href":"https:\/\/www.egemtv.com\/index.php?rest_route=\/wp\/v2\/media\/40225"}],"wp:attachment":[{"href":"https:\/\/www.egemtv.com\/index.php?rest_route=%2Fwp%2Fv2%2Fmedia&parent=40224"}],"wp:term":[{"taxonomy":"category","embeddable":true,"href":"https:\/\/www.egemtv.com\/index.php?rest_route=%2Fwp%2Fv2%2Fcategories&post=40224"},{"taxonomy":"post_tag","embeddable":true,"href":"https:\/\/www.egemtv.com\/index.php?rest_route=%2Fwp%2Fv2%2Ftags&post=40224"}],"curies":[{"name":"wp","href":"https:\/\/api.w.org\/{rel}","templated":true}]}}