{"id":40221,"date":"2025-07-06T14:18:59","date_gmt":"2025-07-06T11:18:59","guid":{"rendered":"https:\/\/www.egemtv.com\/?p=40221"},"modified":"2025-07-06T14:19:04","modified_gmt":"2025-07-06T11:19:04","slug":"aydinda-trafik-kazasi-1-olu-3","status":"publish","type":"post","link":"https:\/\/www.egemtv.com\/?p=40221","title":{"rendered":"Ayd\u0131n\u2019da trafik kazas\u0131: 1 \u00f6l\u00fc"},"content":{"rendered":"<p>Ayd\u0131n\u2019\u0131n \u00c7ine il\u00e7esinde meydana gelen trafik kazas\u0131nda 1 ki\u015fi hayat\u0131n\u0131 kaybetti<br \/>\n<br \/>Kaza, Ayd\u0131n-Mu\u011fla Karayolu \u00fczerinde Halla\u00e7lar Mahallesi yak\u0131nlar\u0131nda meydana geldi. Edinilen bilgiye g\u00f6re, \u0130brahim Korkut (35) idaresindeki 48 ADD 671 plakal\u0131 otomobil, s\u00fcr\u00fcc\u00fcs\u00fcn\u00fcn direksiyon hakimiyetini kaybetmesi sonucu yol kenar\u0131ndaki istinat duvar\u0131na \u00e7arpt\u0131. Savrulan ara\u00e7, bir ba\u015fka otomobile \u00e7arparak durdu. \u00c7arp\u0131\u015fman\u0131n \u015fiddetiyle ara\u00e7tan f\u0131rlayan \u0130brahim Korkut a\u011f\u0131r yaralan\u0131rken, kazay\u0131 g\u00f6renler durumu 112 Acil \u00c7a\u011fr\u0131 Merkezi\u2019ne bildirdi. \u0130hbar \u00fczerine b\u00f6lgeye sa\u011fl\u0131k ve jandarma ekipleri sevk edildi. K\u0131sa s\u00fcrede olay yerine gelen sa\u011fl\u0131k ekipleri, Korkut\u2019a ilk m\u00fcdahaleyi yaparak ambulansla hastaneye kald\u0131rd\u0131. Hastanede tedavi alt\u0131na al\u0131nan Korkut, doktorlar\u0131n t\u00fcm \u00e7abalar\u0131na ra\u011fmen kurtar\u0131lamayarak hayat\u0131n\u0131 kaybetti. Korkut\u2019un \u00f6l\u00fcm haberini alan ailesi ve yak\u0131nlar\u0131 yasa bo\u011fuldu.<br \/>\n<br \/>Olayla ilgili soru\u015fturma s\u00fcr\u00fcyor.<br \/><\/p>\n","protected":false},"excerpt":{"rendered":"<p>Ayd\u0131n\u2019\u0131n \u00c7ine il\u00e7esinde meydana gelen trafik kazas\u0131nda 1 ki\u015fi hayat\u0131n\u0131 kaybetti Kaza, Ayd\u0131n-Mu\u011fla Karayolu \u00fczerinde Halla\u00e7lar Mahallesi yak\u0131nlar\u0131nda meydana geldi. Edinilen bilgiye g\u00f6re, \u0130brahim Korkut (35) idaresindeki 48 ADD 671 plakal\u0131 otomobil, s\u00fcr\u00fcc\u00fcs\u00fcn\u00fcn direksiyon hakimiyetini kaybetmesi sonucu yol kenar\u0131ndaki istinat duvar\u0131na \u00e7arpt\u0131. Savrulan ara\u00e7, bir ba\u015fka otomobile \u00e7arparak durdu. \u00c7arp\u0131\u015fman\u0131n \u015fiddetiyle ara\u00e7tan f\u0131rlayan \u0130brahim Korkut&#8230;<\/p>\n","protected":false},"author":1,"featured_media":40222,"comment_status":"open","ping_status":"open","sticky":false,"template":"","format":"standard","meta":{"_crdt_document":"","footnotes":""},"categories":[5],"tags":[],"class_list":["post-40221","post","type-post","status-publish","format-standard","has-post-thumbnail","hentry","category-asayis"],"_links":{"self":[{"href":"https:\/\/www.egemtv.com\/index.php?rest_route=\/wp\/v2\/posts\/40221","targetHints":{"allow":["GET"]}}],"collection":[{"href":"https:\/\/www.egemtv.com\/index.php?rest_route=\/wp\/v2\/posts"}],"about":[{"href":"https:\/\/www.egemtv.com\/index.php?rest_route=\/wp\/v2\/types\/post"}],"author":[{"embeddable":true,"href":"https:\/\/www.egemtv.com\/index.php?rest_route=\/wp\/v2\/users\/1"}],"replies":[{"embeddable":true,"href":"https:\/\/www.egemtv.com\/index.php?rest_route=%2Fwp%2Fv2%2Fcomments&post=40221"}],"version-history":[{"count":1,"href":"https:\/\/www.egemtv.com\/index.php?rest_route=\/wp\/v2\/posts\/40221\/revisions"}],"predecessor-version":[{"id":40223,"href":"https:\/\/www.egemtv.com\/index.php?rest_route=\/wp\/v2\/posts\/40221\/revisions\/40223"}],"wp:featuredmedia":[{"embeddable":true,"href":"https:\/\/www.egemtv.com\/index.php?rest_route=\/wp\/v2\/media\/40222"}],"wp:attachment":[{"href":"https:\/\/www.egemtv.com\/index.php?rest_route=%2Fwp%2Fv2%2Fmedia&parent=40221"}],"wp:term":[{"taxonomy":"category","embeddable":true,"href":"https:\/\/www.egemtv.com\/index.php?rest_route=%2Fwp%2Fv2%2Fcategories&post=40221"},{"taxonomy":"post_tag","embeddable":true,"href":"https:\/\/www.egemtv.com\/index.php?rest_route=%2Fwp%2Fv2%2Ftags&post=40221"}],"curies":[{"name":"wp","href":"https:\/\/api.w.org\/{rel}","templated":true}]}}