{"id":40179,"date":"2025-07-06T09:56:48","date_gmt":"2025-07-06T06:56:48","guid":{"rendered":"https:\/\/www.egemtv.com\/?p=40179"},"modified":"2025-07-06T09:56:53","modified_gmt":"2025-07-06T06:56:53","slug":"aydinda-3-bin-500-bandrolsuz-sigara-ele-gecirildi","status":"publish","type":"post","link":"https:\/\/www.egemtv.com\/?p=40179","title":{"rendered":"Ayd\u0131n\u2019da 3 bin 500 bandrols\u00fcz sigara ele ge\u00e7irildi"},"content":{"rendered":"<p>Ayd\u0131n\u2019\u0131n Germencik il\u00e7esinde jandarma ekipleri taraf\u0131ndan ger\u00e7ekle\u015ftirilen operasyonda 3 bin 500 adet bandrols\u00fcz sigara ele ge\u00e7irildi.<\/p>\n<p>Ayd\u0131n\u2019da jandarma ekiplerinin halk sa\u011fl\u0131\u011f\u0131n\u0131 tehdit eden ve vergi kayb\u0131na yol a\u00e7an ka\u00e7ak \u00fcr\u00fcnlerle m\u00fccadelesi aral\u0131ks\u0131z s\u00fcr\u00fcyor. Edinilen bilgiye g\u00f6re, Ayd\u0131n \u0130l Jandarma Komutanl\u0131\u011f\u0131 KOM \u015eube M\u00fcd\u00fcrl\u00fc\u011f\u00fc ve Germencik \u0130l\u00e7e Jandarma Komutanl\u0131\u011f\u0131 JASAT ekiplerinin ortak \u00e7al\u0131\u015fmas\u0131yla 5607 Say\u0131l\u0131 Kanuna Muhalefet su\u00e7una y\u00f6nelik koordineli \u00e7al\u0131\u015fmalar kapsam\u0131nda operasyon i\u00e7in d\u00fc\u011fmeye bas\u0131ld\u0131. Germencik il\u00e7esi H\u0131d\u0131rbeyli Mahallesi\u2019nde A.D. isimli \u015f\u00fcpheliye ait ara\u00e7ta yap\u0131lan aramada; 3 bin 500 adet bandrols\u00fcz sigara, 5 bin adet bo\u015f makaron, 8 kilogram bandrols\u00fcz k\u0131y\u0131lm\u0131\u015f t\u00fct\u00fcn, 2 bin adet \u00e7ar\u015faf sigara ka\u011f\u0131d\u0131, 300 adet pamuk makaron ucu ve 5 adet sigara sarma makinesi ele ge\u00e7irildi. \u015e\u00fcpheli \u015fah\u0131s A.D. hakk\u0131nda 5607 Say\u0131l\u0131 Ka\u00e7ak\u00e7\u0131l\u0131kla M\u00fccadele Kanunu\u2019na muhalefet su\u00e7undan adli ve idari i\u015flem ba\u015flat\u0131ld\u0131\u011f\u0131 \u00f6\u011frenildi.<br \/><\/p>\n","protected":false},"excerpt":{"rendered":"<p>Ayd\u0131n\u2019\u0131n Germencik il\u00e7esinde jandarma ekipleri taraf\u0131ndan ger\u00e7ekle\u015ftirilen operasyonda 3 bin 500 adet bandrols\u00fcz sigara ele ge\u00e7irildi. Ayd\u0131n\u2019da jandarma ekiplerinin halk sa\u011fl\u0131\u011f\u0131n\u0131 tehdit eden ve vergi kayb\u0131na yol a\u00e7an ka\u00e7ak \u00fcr\u00fcnlerle m\u00fccadelesi aral\u0131ks\u0131z s\u00fcr\u00fcyor. Edinilen bilgiye g\u00f6re, Ayd\u0131n \u0130l Jandarma Komutanl\u0131\u011f\u0131 KOM \u015eube M\u00fcd\u00fcrl\u00fc\u011f\u00fc ve Germencik \u0130l\u00e7e Jandarma Komutanl\u0131\u011f\u0131 JASAT ekiplerinin ortak \u00e7al\u0131\u015fmas\u0131yla 5607 Say\u0131l\u0131 Kanuna&#8230;<\/p>\n","protected":false},"author":1,"featured_media":40180,"comment_status":"open","ping_status":"open","sticky":false,"template":"","format":"standard","meta":{"_crdt_document":"","footnotes":""},"categories":[1],"tags":[],"class_list":["post-40179","post","type-post","status-publish","format-standard","has-post-thumbnail","hentry","category-guncel"],"_links":{"self":[{"href":"https:\/\/www.egemtv.com\/index.php?rest_route=\/wp\/v2\/posts\/40179","targetHints":{"allow":["GET"]}}],"collection":[{"href":"https:\/\/www.egemtv.com\/index.php?rest_route=\/wp\/v2\/posts"}],"about":[{"href":"https:\/\/www.egemtv.com\/index.php?rest_route=\/wp\/v2\/types\/post"}],"author":[{"embeddable":true,"href":"https:\/\/www.egemtv.com\/index.php?rest_route=\/wp\/v2\/users\/1"}],"replies":[{"embeddable":true,"href":"https:\/\/www.egemtv.com\/index.php?rest_route=%2Fwp%2Fv2%2Fcomments&post=40179"}],"version-history":[{"count":1,"href":"https:\/\/www.egemtv.com\/index.php?rest_route=\/wp\/v2\/posts\/40179\/revisions"}],"predecessor-version":[{"id":40181,"href":"https:\/\/www.egemtv.com\/index.php?rest_route=\/wp\/v2\/posts\/40179\/revisions\/40181"}],"wp:featuredmedia":[{"embeddable":true,"href":"https:\/\/www.egemtv.com\/index.php?rest_route=\/wp\/v2\/media\/40180"}],"wp:attachment":[{"href":"https:\/\/www.egemtv.com\/index.php?rest_route=%2Fwp%2Fv2%2Fmedia&parent=40179"}],"wp:term":[{"taxonomy":"category","embeddable":true,"href":"https:\/\/www.egemtv.com\/index.php?rest_route=%2Fwp%2Fv2%2Fcategories&post=40179"},{"taxonomy":"post_tag","embeddable":true,"href":"https:\/\/www.egemtv.com\/index.php?rest_route=%2Fwp%2Fv2%2Ftags&post=40179"}],"curies":[{"name":"wp","href":"https:\/\/api.w.org\/{rel}","templated":true}]}}