{"id":40176,"date":"2025-07-06T09:35:49","date_gmt":"2025-07-06T06:35:49","guid":{"rendered":"https:\/\/www.egemtv.com\/?p=40176"},"modified":"2025-07-06T09:35:53","modified_gmt":"2025-07-06T06:35:53","slug":"turk-sigorta-sektorunun-kalbi-aytoda-atti","status":"publish","type":"post","link":"https:\/\/www.egemtv.com\/?p=40176","title":{"rendered":"T\u00fcrk sigorta sekt\u00f6r\u00fcn\u00fcn kalbi AYTO\u2019da att\u0131"},"content":{"rendered":"<p>Ayd\u0131n Ticaret Odas\u0131 (AYTO) ve Ayd\u0131n Sigortac\u0131lar Derne\u011fi i\u015f birli\u011finde d\u00fczenlenen \u2019Gen\u00e7 Nesil Sigortac\u0131l\u0131k \u00c7al\u0131\u015ftay\u0131\u2019 sekt\u00f6r\u00fcn \u00f6nde gelen kurum ve temsilcilerini bir araya getirdi.<\/p>\n<p>SEDDK, TOBB, SA\u0130K, SE\u0130K, DASK, SBM ve T\u00dcSAF gibi sigorta sekt\u00f6r\u00fcn\u00fcn \u00f6nc\u00fc kurulu\u015flar\u0131n\u0131n en \u00fcst d\u00fczeyde temsil edildi\u011fi \u00e7al\u0131\u015ftay, AYTO \u00fcyelerinin yan\u0131 s\u0131ra Ayd\u0131n\u2019daki sigorta acenteleri ve eksperlerin de yo\u011fun kat\u0131l\u0131m\u0131yla ger\u00e7ekle\u015fti. Sigorta \u00c7al\u0131\u015ftay\u0131\u2019nda, sekt\u00f6rde kar\u015f\u0131la\u015f\u0131lan sorunlar, \u00e7\u00f6z\u00fcm \u00f6nerileri ve g\u00fcncel geli\u015fmeler detayl\u0131 \u015fekilde ele al\u0131nd\u0131. \u00d6zellikle afet sigortalar\u0131 ve afet poli\u00e7esi d\u00fczenlemeleri, toplant\u0131n\u0131n \u00f6ne \u00e7\u0131kan ba\u015fl\u0131klar\u0131 aras\u0131nda yer ald\u0131. Afetlere kar\u015f\u0131 sigorta bilincinin art\u0131r\u0131lmas\u0131 ve bu alandaki d\u00fczenlemelerin sahadaki uygulamalara yans\u0131malar\u0131 konusunda \u00f6nemli de\u011ferlendirmelerde bulunuldu.<\/p>\n<p>Toplant\u0131n\u0131n dikkat \u00e7eken bir di\u011fer ba\u015fl\u0131\u011f\u0131 ise sigortac\u0131l\u0131\u011f\u0131n dijital d\u00f6n\u00fc\u015f\u00fcm s\u00fcreci ve teknolojik geli\u015fmelere adaptasyonu oldu. Yapay zek\u00e2, b\u00fcy\u00fck veri ve otomasyon sistemlerinin sigorta sekt\u00f6r\u00fcne etkileri de\u011ferlendirilirken; acentelerin bu d\u00f6n\u00fc\u015f\u00fcme nas\u0131l entegre olabilece\u011fi ve teknolojinin m\u00fc\u015fteri ili\u015fkileri ile hizmet kalitesi \u00fczerindeki potansiyel katk\u0131lar\u0131 \u00fczerinde duruldu.<\/p>\n<p>Toplant\u0131 boyunca kat\u0131l\u0131mc\u0131lar; sekt\u00f6rde kar\u015f\u0131la\u015ft\u0131klar\u0131 sorunlar\u0131, beklentilerini ve \u00e7\u00f6z\u00fcm \u00f6nerilerini do\u011frudan ilgili kurum temsilcilerine iletme ve bu konulara dair net yan\u0131tlar alma imk\u00e2n\u0131 buldu. \u00c7al\u0131\u015ftay, sahadan gelen sesin g\u00fc\u00e7l\u00fc bi\u00e7imde duyuruldu\u011fu, verimli bir platform olarak \u00f6ne \u00e7\u0131kt\u0131.<br \/><\/p>\n","protected":false},"excerpt":{"rendered":"<p>Ayd\u0131n Ticaret Odas\u0131 (AYTO) ve Ayd\u0131n Sigortac\u0131lar Derne\u011fi i\u015f birli\u011finde d\u00fczenlenen \u2019Gen\u00e7 Nesil Sigortac\u0131l\u0131k \u00c7al\u0131\u015ftay\u0131\u2019 sekt\u00f6r\u00fcn \u00f6nde gelen kurum ve temsilcilerini bir araya getirdi. SEDDK, TOBB, SA\u0130K, SE\u0130K, DASK, SBM ve T\u00dcSAF gibi sigorta sekt\u00f6r\u00fcn\u00fcn \u00f6nc\u00fc kurulu\u015flar\u0131n\u0131n en \u00fcst d\u00fczeyde temsil edildi\u011fi \u00e7al\u0131\u015ftay, AYTO \u00fcyelerinin yan\u0131 s\u0131ra Ayd\u0131n\u2019daki sigorta acenteleri ve eksperlerin de yo\u011fun kat\u0131l\u0131m\u0131yla&#8230;<\/p>\n","protected":false},"author":1,"featured_media":40177,"comment_status":"open","ping_status":"open","sticky":false,"template":"","format":"standard","meta":{"_crdt_document":"","footnotes":""},"categories":[1],"tags":[],"class_list":["post-40176","post","type-post","status-publish","format-standard","has-post-thumbnail","hentry","category-guncel"],"_links":{"self":[{"href":"https:\/\/www.egemtv.com\/index.php?rest_route=\/wp\/v2\/posts\/40176","targetHints":{"allow":["GET"]}}],"collection":[{"href":"https:\/\/www.egemtv.com\/index.php?rest_route=\/wp\/v2\/posts"}],"about":[{"href":"https:\/\/www.egemtv.com\/index.php?rest_route=\/wp\/v2\/types\/post"}],"author":[{"embeddable":true,"href":"https:\/\/www.egemtv.com\/index.php?rest_route=\/wp\/v2\/users\/1"}],"replies":[{"embeddable":true,"href":"https:\/\/www.egemtv.com\/index.php?rest_route=%2Fwp%2Fv2%2Fcomments&post=40176"}],"version-history":[{"count":1,"href":"https:\/\/www.egemtv.com\/index.php?rest_route=\/wp\/v2\/posts\/40176\/revisions"}],"predecessor-version":[{"id":40178,"href":"https:\/\/www.egemtv.com\/index.php?rest_route=\/wp\/v2\/posts\/40176\/revisions\/40178"}],"wp:featuredmedia":[{"embeddable":true,"href":"https:\/\/www.egemtv.com\/index.php?rest_route=\/wp\/v2\/media\/40177"}],"wp:attachment":[{"href":"https:\/\/www.egemtv.com\/index.php?rest_route=%2Fwp%2Fv2%2Fmedia&parent=40176"}],"wp:term":[{"taxonomy":"category","embeddable":true,"href":"https:\/\/www.egemtv.com\/index.php?rest_route=%2Fwp%2Fv2%2Fcategories&post=40176"},{"taxonomy":"post_tag","embeddable":true,"href":"https:\/\/www.egemtv.com\/index.php?rest_route=%2Fwp%2Fv2%2Ftags&post=40176"}],"curies":[{"name":"wp","href":"https:\/\/api.w.org\/{rel}","templated":true}]}}