{"id":40173,"date":"2025-07-06T09:35:45","date_gmt":"2025-07-06T06:35:45","guid":{"rendered":"https:\/\/www.egemtv.com\/?p=40173"},"modified":"2025-07-06T09:35:49","modified_gmt":"2025-07-06T06:35:49","slug":"kusadasinda-22-duzensiz-gocmen-kurtarildi","status":"publish","type":"post","link":"https:\/\/www.egemtv.com\/?p=40173","title":{"rendered":"Ku\u015fadas\u0131\u2019nda 22 d\u00fczensiz g\u00f6\u00e7men kurtar\u0131ld\u0131"},"content":{"rendered":"<p>Ayd\u0131n\u2019\u0131n Ku\u015fadas\u0131 il\u00e7esi a\u00e7\u0131klar\u0131nda Yunanistan unsurlar\u0131nca T\u00fcrk karasular\u0131na geri itilen lastik botta mahsur kalan 22 d\u00fczensiz g\u00f6\u00e7men, T\u00fcrk Sahil G\u00fcvenlik ekiplerinin zaman\u0131nda m\u00fcdahalesiyle hayata tutundu.<\/p>\n<p>Edinilen bilgiye g\u00f6re, al\u0131nan ihbar \u00fczerine derhal harekete ge\u00e7en Sahil G\u00fcvenlik Botlar\u0131 (TCSG-909 ve KB-87), Ege\u2019nin ortas\u0131nda dalgalarla bo\u011fu\u015fan botta aralar\u0131nda 3 \u00e7ocu\u011fun da bulundu\u011fu g\u00f6\u00e7menleri kurtararak g\u00fcvenli b\u00f6lgeye ta\u015f\u0131d\u0131. Kurtar\u0131lan d\u00fczensiz g\u00f6\u00e7menler ilk sa\u011fl\u0131k kontrolleri yap\u0131lmalar\u0131n\u0131n ve i\u015flemlerinin tamamlanmas\u0131n\u0131n ard\u0131ndan Ayd\u0131n \u0130l G\u00f6\u00e7 \u0130daresi M\u00fcd\u00fcrl\u00fc\u011f\u00fc\u2019ne teslim edildi.<br \/><\/p>\n","protected":false},"excerpt":{"rendered":"<p>Ayd\u0131n\u2019\u0131n Ku\u015fadas\u0131 il\u00e7esi a\u00e7\u0131klar\u0131nda Yunanistan unsurlar\u0131nca T\u00fcrk karasular\u0131na geri itilen lastik botta mahsur kalan 22 d\u00fczensiz g\u00f6\u00e7men, T\u00fcrk Sahil G\u00fcvenlik ekiplerinin zaman\u0131nda m\u00fcdahalesiyle hayata tutundu. Edinilen bilgiye g\u00f6re, al\u0131nan ihbar \u00fczerine derhal harekete ge\u00e7en Sahil G\u00fcvenlik Botlar\u0131 (TCSG-909 ve KB-87), Ege\u2019nin ortas\u0131nda dalgalarla bo\u011fu\u015fan botta aralar\u0131nda 3 \u00e7ocu\u011fun da bulundu\u011fu g\u00f6\u00e7menleri kurtararak g\u00fcvenli b\u00f6lgeye ta\u015f\u0131d\u0131&#8230;.<\/p>\n","protected":false},"author":1,"featured_media":40174,"comment_status":"open","ping_status":"open","sticky":false,"template":"","format":"standard","meta":{"_crdt_document":"","footnotes":""},"categories":[5],"tags":[],"class_list":["post-40173","post","type-post","status-publish","format-standard","has-post-thumbnail","hentry","category-asayis"],"_links":{"self":[{"href":"https:\/\/www.egemtv.com\/index.php?rest_route=\/wp\/v2\/posts\/40173","targetHints":{"allow":["GET"]}}],"collection":[{"href":"https:\/\/www.egemtv.com\/index.php?rest_route=\/wp\/v2\/posts"}],"about":[{"href":"https:\/\/www.egemtv.com\/index.php?rest_route=\/wp\/v2\/types\/post"}],"author":[{"embeddable":true,"href":"https:\/\/www.egemtv.com\/index.php?rest_route=\/wp\/v2\/users\/1"}],"replies":[{"embeddable":true,"href":"https:\/\/www.egemtv.com\/index.php?rest_route=%2Fwp%2Fv2%2Fcomments&post=40173"}],"version-history":[{"count":1,"href":"https:\/\/www.egemtv.com\/index.php?rest_route=\/wp\/v2\/posts\/40173\/revisions"}],"predecessor-version":[{"id":40175,"href":"https:\/\/www.egemtv.com\/index.php?rest_route=\/wp\/v2\/posts\/40173\/revisions\/40175"}],"wp:featuredmedia":[{"embeddable":true,"href":"https:\/\/www.egemtv.com\/index.php?rest_route=\/wp\/v2\/media\/40174"}],"wp:attachment":[{"href":"https:\/\/www.egemtv.com\/index.php?rest_route=%2Fwp%2Fv2%2Fmedia&parent=40173"}],"wp:term":[{"taxonomy":"category","embeddable":true,"href":"https:\/\/www.egemtv.com\/index.php?rest_route=%2Fwp%2Fv2%2Fcategories&post=40173"},{"taxonomy":"post_tag","embeddable":true,"href":"https:\/\/www.egemtv.com\/index.php?rest_route=%2Fwp%2Fv2%2Ftags&post=40173"}],"curies":[{"name":"wp","href":"https:\/\/api.w.org\/{rel}","templated":true}]}}