{"id":40170,"date":"2025-07-06T09:35:41","date_gmt":"2025-07-06T06:35:41","guid":{"rendered":"https:\/\/www.egemtv.com\/?p=40170"},"modified":"2025-07-06T09:35:45","modified_gmt":"2025-07-06T06:35:45","slug":"turizm-stklari-tum-oteller-hizmette-cesme-guvende","status":"publish","type":"post","link":"https:\/\/www.egemtv.com\/?p=40170","title":{"rendered":"Turizm STK\u2019lar\u0131: &#8220;T\u00fcm oteller hizmette, \u00c7e\u015fme g\u00fcvende&#8221;"},"content":{"rendered":"<p>\u0130zmir\u2019in \u00c7e\u015fme il\u00e7esinde ya\u015fanan yang\u0131n felaketinin ard\u0131ndan il\u00e7edeki turizm sivil toplum kurulu\u015flar\u0131 (STK), ortak bas\u0131n duyurusu ile destek veren kurum ve ki\u015filere te\u015fekk\u00fcr ederek, b\u00f6lgedeki turizm faaliyetlerinin s\u00fcrd\u00fc\u011f\u00fcn\u00fc vurgulad\u0131.<br \/>\n<br \/>\u00c7e\u015fme Turistik Otelciler Birli\u011fi (\u00c7E\u015eTOB) ad\u0131na Orhan Belge, Ala\u00e7at\u0131 Turizm Derne\u011fi ad\u0131na Kerem \u00dcnsal ve Turizm \u00c7al\u0131\u015fma Grubu ad\u0131na Y\u0131ld\u0131r\u0131m Aktugan, ya\u015fanan orman yang\u0131n\u0131 felaketinin ard\u0131ndan ortak a\u00e7\u0131klama yapt\u0131. A\u00e7\u0131klamada sahada sergilenen dayan\u0131\u015fma ve m\u00fccadele ruhuna vurgu yap\u0131larak, &#8220;Do\u011fam\u0131za, ya\u015fam alanlar\u0131m\u0131za ve ortak haf\u0131zam\u0131za zarar veren bu zorlu s\u00fcre\u00e7te g\u00f6sterilen \u00f6zveri, dayan\u0131\u015fma ve m\u00fccadele ruhu; bu g\u00fczel co\u011frafyaya duydu\u011fumuz ba\u011fl\u0131l\u0131\u011f\u0131 ve birlikte hareket etmenin g\u00fcc\u00fcn\u00fc bir kez daha g\u00f6zler \u00f6n\u00fcne serdi&#8221; denildi.<br \/>\n<br \/>Yang\u0131n\u0131n ba\u015flad\u0131\u011f\u0131 ilk andan itibaren sahada aktif rol oynayan kamu kurumlar\u0131na, sivil toplum kurulu\u015flar\u0131na, turizm emek\u00e7ilerine ve g\u00f6n\u00fcll\u00fclere te\u015fekk\u00fcr edilen bildiride, \u00c7e\u015fme Kaymakaml\u0131\u011f\u0131, \u00c7e\u015fme Belediyesi, \u0130zmir B\u00fcy\u00fck\u015fehir Belediyesi, AKUT, \u00c7e\u015fme YAEK, \u00e7evre il\u00e7e belediyeleri ve \u0130stanbul, Kayseri, Manisa, D\u00fczce gibi \u015fehirlerden gelen destek ekiplerinin \u00f6zverili \u00e7al\u0131\u015fmalar\u0131 takdirle an\u0131ld\u0131.<\/p>\n<p>&#8220;Turizm sekt\u00f6r\u00fc elini ta\u015f\u0131n alt\u0131na koydu&#8221;<br \/>\n<br \/>\u00c7e\u015fme\u2019nin ekonomik ve sosyal dokusunun \u00f6nemli ta\u015f\u0131y\u0131c\u0131lar\u0131ndan biri olan turizm sekt\u00f6r\u00fcn\u00fcn yang\u0131nla m\u00fccadelede g\u00f6sterdi\u011fi duyarl\u0131l\u0131\u011fa da vurgu yap\u0131lan a\u00e7\u0131klamada, &#8220;Sahada gece g\u00fcnd\u00fcz demeden \u00e7al\u0131\u015fan, kumanya ve oda yard\u0131m\u0131 sa\u011flayan, lojistik destek sunan otelcilerimizden restoran sahiplerine, ta\u015f\u0131mac\u0131lardan rehberlere kadar herkesin elini ta\u015f\u0131n alt\u0131na koydu\u011funu g\u00f6rmek, bizleri hem duyguland\u0131rd\u0131 hem de umutland\u0131rd\u0131&#8221; ifadelerine yer verildi.<br \/>\n<br \/>STK\u2019lar, \u00f6zellikle yang\u0131n\u0131n turizm sezonunun ortas\u0131nda ger\u00e7ekle\u015fmi\u015f olmas\u0131n\u0131n ekonomik etkilerine de dikkat \u00e7ekti. Sosyal medyada ve baz\u0131 haber kaynaklar\u0131nda yay\u0131lan yan\u0131lt\u0131c\u0131 bilgiler nedeniyle pek \u00e7ok rezervasyonun iptal edildi\u011fi ifade edilen a\u00e7\u0131klamada, &#8220;T\u00fcm yollar g\u00fcvenle ula\u015f\u0131ma a\u00e7\u0131kt\u0131r. Otellerimiz ve i\u015fletmelerimiz hizmet vermeye devam etmektedir. \u00c7e\u015fme, misafirlerini her zamanki gibi huzurla ve g\u00fcvenle a\u011f\u0131rlamaya devam ediyor&#8221; denildi.<br \/>\n<br \/>&#8220;Do\u011fa kendini toparl\u0131yor, bizler de birlikte iyile\u015fiyoruz&#8221; ifadelerine yer verilen a\u00e7\u0131klamada, hem yerel halk\u0131n hem de sekt\u00f6r\u00fcn yeniden aya\u011fa kalkma iradesi vurguland\u0131.<\/p>\n<p>A\u011fa\u00e7land\u0131rma kampanyas\u0131 ba\u015flat\u0131lacak<br \/>\n<br \/>A\u00e7\u0131klamada, yak\u0131n zamanda yang\u0131nla k\u00fcl olan b\u00f6lgelerin yeniden ye\u015fertilmesi i\u00e7in a\u011fa\u00e7land\u0131rma kampanyas\u0131 ba\u015flat\u0131laca\u011f\u0131 belirtildi. Kampanyaya yerel halk\u0131n yan\u0131 s\u0131ra, T\u00fcrkiye\u2019nin d\u00f6rt bir yan\u0131ndan do\u011fa dostlar\u0131 da davet edilen a\u00e7\u0131klamada, &#8220;Bu g\u00fczel co\u011frafyay\u0131 korumak, ya\u015fatmak ve gelecek nesillere ta\u015f\u0131mak hepimizin ortak sorumlulu\u011fudur&#8221; denildi.<br \/>\n<br \/>A\u011fa\u00e7land\u0131rma kampanyas\u0131n\u0131n detaylar\u0131n\u0131n \u00f6n\u00fcm\u00fczdeki g\u00fcnlerde kamuoyuyla payla\u015f\u0131laca\u011f\u0131 ve hem g\u00f6n\u00fcll\u00fclere hem de do\u011fasever kurumlara a\u00e7\u0131k olaca\u011f\u0131 bildirildi. STK\u2019lar, sadece k\u0131sa vadeli \u00e7\u00f6z\u00fcmlerle de\u011fil, uzun vadeli hedeflerle de hareket ettiklerini vurgulad\u0131. A\u00e7\u0131klamada, bundan sonra afet bilincinin yayg\u0131nla\u015ft\u0131r\u0131lmas\u0131 ve s\u00fcrd\u00fcr\u00fclebilir turizmin g\u00fc\u00e7lendirilmesi ad\u0131na \u00e7e\u015fitli e\u011fitim ve bilin\u00e7lendirme programlar\u0131n\u0131n hayata ge\u00e7irilece\u011fi ifade edildi.<br \/>\n<br \/>STK temsilcileri, sadece yang\u0131n zamanlar\u0131nda de\u011fil, t\u00fcm y\u0131l boyunca do\u011fa ile bar\u0131\u015f\u0131k bir turizm anlay\u0131\u015f\u0131n\u0131n geli\u015ftirilmesi i\u00e7in \u00e7al\u0131\u015facaklar\u0131n\u0131 belirterek, &#8220;Bu g\u00fczel co\u011frafyay\u0131 korumak, ya\u015fatmak ve gelecek nesillere ta\u015f\u0131mak hepimizin ortak sorumlulu\u011fudur&#8221; vurgusunu yapt\u0131lar.<br \/><\/p>\n","protected":false},"excerpt":{"rendered":"<p>\u0130zmir\u2019in \u00c7e\u015fme il\u00e7esinde ya\u015fanan yang\u0131n felaketinin ard\u0131ndan il\u00e7edeki turizm sivil toplum kurulu\u015flar\u0131 (STK), ortak bas\u0131n duyurusu ile destek veren kurum ve ki\u015filere te\u015fekk\u00fcr ederek, b\u00f6lgedeki turizm faaliyetlerinin s\u00fcrd\u00fc\u011f\u00fcn\u00fc vurgulad\u0131. \u00c7e\u015fme Turistik Otelciler Birli\u011fi (\u00c7E\u015eTOB) ad\u0131na Orhan Belge, Ala\u00e7at\u0131 Turizm Derne\u011fi ad\u0131na Kerem \u00dcnsal ve Turizm \u00c7al\u0131\u015fma Grubu ad\u0131na Y\u0131ld\u0131r\u0131m Aktugan, ya\u015fanan orman yang\u0131n\u0131 felaketinin ard\u0131ndan&#8230;<\/p>\n","protected":false},"author":1,"featured_media":40171,"comment_status":"open","ping_status":"open","sticky":false,"template":"","format":"standard","meta":{"_crdt_document":"","footnotes":""},"categories":[1],"tags":[],"class_list":["post-40170","post","type-post","status-publish","format-standard","has-post-thumbnail","hentry","category-guncel"],"_links":{"self":[{"href":"https:\/\/www.egemtv.com\/index.php?rest_route=\/wp\/v2\/posts\/40170","targetHints":{"allow":["GET"]}}],"collection":[{"href":"https:\/\/www.egemtv.com\/index.php?rest_route=\/wp\/v2\/posts"}],"about":[{"href":"https:\/\/www.egemtv.com\/index.php?rest_route=\/wp\/v2\/types\/post"}],"author":[{"embeddable":true,"href":"https:\/\/www.egemtv.com\/index.php?rest_route=\/wp\/v2\/users\/1"}],"replies":[{"embeddable":true,"href":"https:\/\/www.egemtv.com\/index.php?rest_route=%2Fwp%2Fv2%2Fcomments&post=40170"}],"version-history":[{"count":1,"href":"https:\/\/www.egemtv.com\/index.php?rest_route=\/wp\/v2\/posts\/40170\/revisions"}],"predecessor-version":[{"id":40172,"href":"https:\/\/www.egemtv.com\/index.php?rest_route=\/wp\/v2\/posts\/40170\/revisions\/40172"}],"wp:featuredmedia":[{"embeddable":true,"href":"https:\/\/www.egemtv.com\/index.php?rest_route=\/wp\/v2\/media\/40171"}],"wp:attachment":[{"href":"https:\/\/www.egemtv.com\/index.php?rest_route=%2Fwp%2Fv2%2Fmedia&parent=40170"}],"wp:term":[{"taxonomy":"category","embeddable":true,"href":"https:\/\/www.egemtv.com\/index.php?rest_route=%2Fwp%2Fv2%2Fcategories&post=40170"},{"taxonomy":"post_tag","embeddable":true,"href":"https:\/\/www.egemtv.com\/index.php?rest_route=%2Fwp%2Fv2%2Ftags&post=40170"}],"curies":[{"name":"wp","href":"https:\/\/api.w.org\/{rel}","templated":true}]}}