{"id":40167,"date":"2025-07-06T05:55:36","date_gmt":"2025-07-06T02:55:36","guid":{"rendered":"https:\/\/www.egemtv.com\/?p=40167"},"modified":"2025-07-06T05:55:41","modified_gmt":"2025-07-06T02:55:41","slug":"honaz-kiraz-festivalinde-kultur-sanat-ve-eglence-dolu-saatler-yasandi","status":"publish","type":"post","link":"https:\/\/www.egemtv.com\/?p=40167","title":{"rendered":"Honaz Kiraz Festivalinde k\u00fclt\u00fcr, sanat ve e\u011flence dolu saatler ya\u015fand\u0131"},"content":{"rendered":"<p>Honaz Belediyesi taraf\u0131ndan d\u00fczenlen 47. Kiraz Festivalinin ikinci g\u00fcn\u00fcnde Sayg\u0131n \u015eahin ve Grup \u0130kilem co\u015fkusu ya\u015fand\u0131. Co\u015fkulu kalabal\u0131\u011fa te\u015fekk\u00fcr eden Ba\u015fkan Y\u00fcksel Kepenk, &#8220;Normalde 14 bin 500 ton kiraz \u00fcreten Honazl\u0131lar, bu y\u0131l sadece 700 ton kiraz \u00fcretebildi. \u0130nsanlar\u0131n ger\u00e7ekten travma ya\u015fad\u0131\u011f\u0131 bir sezon ya\u015f\u0131yoruz&#8221; dedi.<\/p>\n<p>Honaz 47. Kiraz Festivalinin 2. g\u00fcn\u00fcnde yine k\u00fclt\u00fcr, sanat ve e\u011flence dolu saatler ya\u015fand\u0131. Binlerce ki\u015finin doldurdu\u011fu festivalin ikinci g\u00fcn\u00fcnde sahne alan Sayg\u0131n \u015eahin ve gen\u00e7lerin \u00e7ok sevdi\u011fi Grup \u0130kilem, co\u015fkulu kalabal\u0131\u011fa e\u011flence dolu bir ak\u015fam ya\u015fatt\u0131.<br \/>\n<br \/>Kalabal\u0131\u011fa seslenen Honaz Belediye Ba\u015fkan\u0131 Y\u00fcksel Kepenek, kendisinin de bir \u00fcretici oldu\u011funun belirterek, &#8220;Ben de bir kiraz \u00fcreticisiyim. Ancak bu y\u0131l maalesef kiraz \u00fcretimi konusunda \u00e7ok b\u00fcy\u00fck bir kaos ya\u015fad\u0131k. \u00d6nce \u00fcreticimiz don ve ya\u011f\u0131\u015f olaylar\u0131yla kar\u015f\u0131 kar\u015f\u0131ya kald\u0131. Arkas\u0131 kesilmeyen 10 g\u00fcnl\u00fck bir ya\u011f\u0131\u015f d\u00f6nemi sonras\u0131 kiraz a\u011fa\u00e7lar\u0131nda a\u00e7an \u00e7i\u00e7ekler meyveye d\u00f6n\u00fc\u015femedi. Normalde 14 bin 500 ton kiraz \u00fcreten Honazl\u0131lar, bu y\u0131l sadece 700 ton kiraz \u00fcretebildi. Yani 14\u2019te 1\u2019den bile fazla bir d\u00fc\u015f\u00fc\u015f ya\u015fand\u0131. Bu ne demek biliyor musunuz? Girdilerinin y\u00fczde 80\u2019inin bor\u00e7 olarak kald\u0131\u011f\u0131 ve insanlar\u0131n ger\u00e7ekten travma ya\u015fad\u0131\u011f\u0131 bir sezon ya\u015f\u0131yoruz. Tabi bu konuda Tar\u0131m ve Orman Bakanl\u0131\u011f\u0131 bir \u00e7al\u0131\u015fma yapt\u0131. Ancak \u015fu anda bu \u00e7al\u0131\u015fma ete kemi\u011fe b\u00fcr\u00fcnm\u00fc\u015f de\u011fil. Bizim en \u00f6nemli \u00fcretim kaynaklar\u0131m\u0131zdan biri de cennet elmas\u0131. Yakla\u015f\u0131k 50-60 bin ton rekoltemiz var. Ancak bu da bu y\u0131l 15 bin tonlara kadar geriledi. Biz ge\u00e7mi\u015fte oldu\u011fu gibi bundan sonrada \u00fcreticimizin yan\u0131nda olmaya devam edece\u011fiz. Bu gece de bizleri yaln\u0131z b\u0131rakmayan co\u015fkulu kalabal\u0131\u011fa \u00e7ok te\u015fekk\u00fcr ediyorum&#8221; dedi.<\/p>\n<p>Festivalin ikinci g\u00fcn\u00fcnde sahneye \u00e7\u0131kan sanat\u00e7\u0131lara \u00e7i\u00e7ek ve plaket takdim ederek te\u015fekk\u00fcr eden Ba\u015fkan Kepenek, Honazl\u0131lar\u0131 bug\u00fcn ak\u015fam saat 21.00\u2019de en g\u00fczel \u015fark\u0131lar\u0131n\u0131 seslendirecek olan Zara konserine davet etti.<br \/><\/p>\n","protected":false},"excerpt":{"rendered":"<p>Honaz Belediyesi taraf\u0131ndan d\u00fczenlen 47. Kiraz Festivalinin ikinci g\u00fcn\u00fcnde Sayg\u0131n \u015eahin ve Grup \u0130kilem co\u015fkusu ya\u015fand\u0131. Co\u015fkulu kalabal\u0131\u011fa te\u015fekk\u00fcr eden Ba\u015fkan Y\u00fcksel Kepenk, &#8220;Normalde 14 bin 500 ton kiraz \u00fcreten Honazl\u0131lar, bu y\u0131l sadece 700 ton kiraz \u00fcretebildi. \u0130nsanlar\u0131n ger\u00e7ekten travma ya\u015fad\u0131\u011f\u0131 bir sezon ya\u015f\u0131yoruz&#8221; dedi. Honaz 47. Kiraz Festivalinin 2. g\u00fcn\u00fcnde yine k\u00fclt\u00fcr, sanat&#8230;<\/p>\n","protected":false},"author":1,"featured_media":40168,"comment_status":"open","ping_status":"open","sticky":false,"template":"","format":"standard","meta":{"_crdt_document":"","footnotes":""},"categories":[1],"tags":[],"class_list":["post-40167","post","type-post","status-publish","format-standard","has-post-thumbnail","hentry","category-guncel"],"_links":{"self":[{"href":"https:\/\/www.egemtv.com\/index.php?rest_route=\/wp\/v2\/posts\/40167","targetHints":{"allow":["GET"]}}],"collection":[{"href":"https:\/\/www.egemtv.com\/index.php?rest_route=\/wp\/v2\/posts"}],"about":[{"href":"https:\/\/www.egemtv.com\/index.php?rest_route=\/wp\/v2\/types\/post"}],"author":[{"embeddable":true,"href":"https:\/\/www.egemtv.com\/index.php?rest_route=\/wp\/v2\/users\/1"}],"replies":[{"embeddable":true,"href":"https:\/\/www.egemtv.com\/index.php?rest_route=%2Fwp%2Fv2%2Fcomments&post=40167"}],"version-history":[{"count":1,"href":"https:\/\/www.egemtv.com\/index.php?rest_route=\/wp\/v2\/posts\/40167\/revisions"}],"predecessor-version":[{"id":40169,"href":"https:\/\/www.egemtv.com\/index.php?rest_route=\/wp\/v2\/posts\/40167\/revisions\/40169"}],"wp:featuredmedia":[{"embeddable":true,"href":"https:\/\/www.egemtv.com\/index.php?rest_route=\/wp\/v2\/media\/40168"}],"wp:attachment":[{"href":"https:\/\/www.egemtv.com\/index.php?rest_route=%2Fwp%2Fv2%2Fmedia&parent=40167"}],"wp:term":[{"taxonomy":"category","embeddable":true,"href":"https:\/\/www.egemtv.com\/index.php?rest_route=%2Fwp%2Fv2%2Fcategories&post=40167"},{"taxonomy":"post_tag","embeddable":true,"href":"https:\/\/www.egemtv.com\/index.php?rest_route=%2Fwp%2Fv2%2Ftags&post=40167"}],"curies":[{"name":"wp","href":"https:\/\/api.w.org\/{rel}","templated":true}]}}