{"id":40164,"date":"2025-07-06T02:54:49","date_gmt":"2025-07-05T23:54:49","guid":{"rendered":"https:\/\/www.egemtv.com\/?p=40164"},"modified":"2025-07-06T02:54:53","modified_gmt":"2025-07-05T23:54:53","slug":"kontrolden-cikan-otomobil-sarampole-devrildi-1-olu-2-yarali","status":"publish","type":"post","link":"https:\/\/www.egemtv.com\/?p=40164","title":{"rendered":"Kontrolden \u00e7\u0131kan otomobil \u015farampole devrildi: 1 \u00f6l\u00fc, 2 yaral\u0131"},"content":{"rendered":"<p>U\u015fak\u2019ta kontrolden \u00e7\u0131kan otomobilin \u015farampole devrilmesi sonucu meydana gelen trafik kazas\u0131nda 1 ki\u015fi hayat\u0131n\u0131 kaybederken, 2 ki\u015fi ise yaraland\u0131.<br \/>\n<br \/>Kaza, Ankara-U\u015fak karayolu Gedikler k\u00f6y\u00fc yak\u0131nlar\u0131nda meydana geldi. Edinilen bilgilere g\u00f6re, K.T (36) idaresindeki 20 AAH 208 plakal\u0131 otomobil s\u00fcr\u00fcc\u00fcs\u00fcn\u00fcn direksiyon hakimiyetini kaybetmesi sonucu \u015farampole devrildi.<br \/>\n<br \/>\u00c7evredeki vatanda\u015flar\u0131n durumu 112 Acil \u00c7a\u011fr\u0131 Merkezi\u2019ne bildirmesi \u00fczerine olay yerine 112 sa\u011fl\u0131k, itfaiye, polis ve jandarma ekipleri sevk edildi. 112 sa\u011fl\u0131k ekiplerince yap\u0131lan ilk incelemede s\u00fcr\u00fcc\u00fc ve ara\u00e7ta bulunan A.\u00d6. (24) yaral\u0131 olarak U\u015fak E\u011fitim ve Ara\u015ft\u0131rma Hastanesi\u2019ne kald\u0131r\u0131l\u0131rken, yolcu konumunda bulunan Kaz\u0131m Sa\u011fcan\u2019\u0131n (16) hayat\u0131n\u0131 kaybetti\u011fi belirlendi.<br \/>\n<br \/>Olay yerinde yap\u0131lan incelemelerin ard\u0131ndan Sa\u011fcan\u2019\u0131n cenazesi Banaz Devlet Hastanesi morguna kald\u0131r\u0131ld\u0131.<br \/>\n<br \/>\u00d6te yandan, yaral\u0131lar\u0131n sa\u011fl\u0131k durumunun iyi oldu\u011fu \u00f6\u011frenildi.<br \/><\/p>\n","protected":false},"excerpt":{"rendered":"<p>U\u015fak\u2019ta kontrolden \u00e7\u0131kan otomobilin \u015farampole devrilmesi sonucu meydana gelen trafik kazas\u0131nda 1 ki\u015fi hayat\u0131n\u0131 kaybederken, 2 ki\u015fi ise yaraland\u0131. Kaza, Ankara-U\u015fak karayolu Gedikler k\u00f6y\u00fc yak\u0131nlar\u0131nda meydana geldi. Edinilen bilgilere g\u00f6re, K.T (36) idaresindeki 20 AAH 208 plakal\u0131 otomobil s\u00fcr\u00fcc\u00fcs\u00fcn\u00fcn direksiyon hakimiyetini kaybetmesi sonucu \u015farampole devrildi. \u00c7evredeki vatanda\u015flar\u0131n durumu 112 Acil \u00c7a\u011fr\u0131 Merkezi\u2019ne bildirmesi \u00fczerine olay&#8230;<\/p>\n","protected":false},"author":1,"featured_media":40165,"comment_status":"open","ping_status":"open","sticky":false,"template":"","format":"standard","meta":{"_crdt_document":"","footnotes":""},"categories":[5],"tags":[],"class_list":["post-40164","post","type-post","status-publish","format-standard","has-post-thumbnail","hentry","category-asayis"],"_links":{"self":[{"href":"https:\/\/www.egemtv.com\/index.php?rest_route=\/wp\/v2\/posts\/40164","targetHints":{"allow":["GET"]}}],"collection":[{"href":"https:\/\/www.egemtv.com\/index.php?rest_route=\/wp\/v2\/posts"}],"about":[{"href":"https:\/\/www.egemtv.com\/index.php?rest_route=\/wp\/v2\/types\/post"}],"author":[{"embeddable":true,"href":"https:\/\/www.egemtv.com\/index.php?rest_route=\/wp\/v2\/users\/1"}],"replies":[{"embeddable":true,"href":"https:\/\/www.egemtv.com\/index.php?rest_route=%2Fwp%2Fv2%2Fcomments&post=40164"}],"version-history":[{"count":1,"href":"https:\/\/www.egemtv.com\/index.php?rest_route=\/wp\/v2\/posts\/40164\/revisions"}],"predecessor-version":[{"id":40166,"href":"https:\/\/www.egemtv.com\/index.php?rest_route=\/wp\/v2\/posts\/40164\/revisions\/40166"}],"wp:featuredmedia":[{"embeddable":true,"href":"https:\/\/www.egemtv.com\/index.php?rest_route=\/wp\/v2\/media\/40165"}],"wp:attachment":[{"href":"https:\/\/www.egemtv.com\/index.php?rest_route=%2Fwp%2Fv2%2Fmedia&parent=40164"}],"wp:term":[{"taxonomy":"category","embeddable":true,"href":"https:\/\/www.egemtv.com\/index.php?rest_route=%2Fwp%2Fv2%2Fcategories&post=40164"},{"taxonomy":"post_tag","embeddable":true,"href":"https:\/\/www.egemtv.com\/index.php?rest_route=%2Fwp%2Fv2%2Ftags&post=40164"}],"curies":[{"name":"wp","href":"https:\/\/api.w.org\/{rel}","templated":true}]}}