{"id":40161,"date":"2025-07-06T01:35:03","date_gmt":"2025-07-05T22:35:03","guid":{"rendered":"https:\/\/www.egemtv.com\/?p=40161"},"modified":"2025-07-06T01:35:04","modified_gmt":"2025-07-05T22:35:04","slug":"eseler-daginda-cikan-yangin-buyumeden-sonduruldu","status":"publish","type":"post","link":"https:\/\/www.egemtv.com\/?p=40161","title":{"rendered":"E\u015feler Da\u011f\u0131nda \u00e7\u0131kan yang\u0131n b\u00fcy\u00fcmeden s\u00f6nd\u00fcr\u00fcld\u00fc"},"content":{"rendered":"<p>DEN\u0130ZL\u0130 (\u0130HA) \u2013 Denizli\u2019nin Ac\u0131payam il\u00e7esinde bulunan E\u015feler Da\u011f\u0131nda ak\u015fam saatlerinde ba\u015flayan yang\u0131n orman ekipleri ve k\u00f6yl\u00fclerin m\u00fccadelesiyle b\u00fcy\u00fcmeden s\u00f6nd\u00fcr\u00fcld\u00fc.<br \/>\n<br \/>Edinilen bilgiye g\u00f6re; ak\u015fam saatlerinde E\u015feler Da\u011f\u0131n\u0131n Ac\u0131payam il\u00e7esine ba\u011fl\u0131 Dodurga Mahallesi Muza mevkiinde kalan ormanl\u0131k alanda hen\u00fcz belirlenemeyen bir nedenle yang\u0131n \u00e7\u0131kt\u0131. Kuru otlarla kapl\u0131 alanda h\u0131zla yay\u0131lan yang\u0131n\u0131n ihbar edilmesi \u00fczerine b\u00f6lgeye orman ve itfaiye ekipleri sevk edildi.<br \/>\n<br \/>Trakt\u00f6r ve su tankerleriyle seferber olan b\u00f6lge k\u00f6yl\u00fcs\u00fcn\u00fcn de yard\u0131m\u0131yla yang\u0131n\u0131na karadan m\u00fcdahale edebilen ekipler, alevlerin etraf\u0131n\u0131 \u00e7evirmeyi ba\u015fard\u0131. Kontrol alt\u0131na al\u0131nan yang\u0131n b\u00f6lgesinde so\u011futma \u00e7al\u0131\u015fmalar\u0131n\u0131n devam etti\u011fi bildirildi.<br \/><\/p>\n","protected":false},"excerpt":{"rendered":"<p>DEN\u0130ZL\u0130 (\u0130HA) \u2013 Denizli\u2019nin Ac\u0131payam il\u00e7esinde bulunan E\u015feler Da\u011f\u0131nda ak\u015fam saatlerinde ba\u015flayan yang\u0131n orman ekipleri ve k\u00f6yl\u00fclerin m\u00fccadelesiyle b\u00fcy\u00fcmeden s\u00f6nd\u00fcr\u00fcld\u00fc. Edinilen bilgiye g\u00f6re; ak\u015fam saatlerinde E\u015feler Da\u011f\u0131n\u0131n Ac\u0131payam il\u00e7esine ba\u011fl\u0131 Dodurga Mahallesi Muza mevkiinde kalan ormanl\u0131k alanda hen\u00fcz belirlenemeyen bir nedenle yang\u0131n \u00e7\u0131kt\u0131. Kuru otlarla kapl\u0131 alanda h\u0131zla yay\u0131lan yang\u0131n\u0131n ihbar edilmesi \u00fczerine b\u00f6lgeye orman&#8230;<\/p>\n","protected":false},"author":1,"featured_media":40162,"comment_status":"open","ping_status":"open","sticky":false,"template":"","format":"standard","meta":{"_crdt_document":"","footnotes":""},"categories":[5],"tags":[],"class_list":["post-40161","post","type-post","status-publish","format-standard","has-post-thumbnail","hentry","category-asayis"],"_links":{"self":[{"href":"https:\/\/www.egemtv.com\/index.php?rest_route=\/wp\/v2\/posts\/40161","targetHints":{"allow":["GET"]}}],"collection":[{"href":"https:\/\/www.egemtv.com\/index.php?rest_route=\/wp\/v2\/posts"}],"about":[{"href":"https:\/\/www.egemtv.com\/index.php?rest_route=\/wp\/v2\/types\/post"}],"author":[{"embeddable":true,"href":"https:\/\/www.egemtv.com\/index.php?rest_route=\/wp\/v2\/users\/1"}],"replies":[{"embeddable":true,"href":"https:\/\/www.egemtv.com\/index.php?rest_route=%2Fwp%2Fv2%2Fcomments&post=40161"}],"version-history":[{"count":1,"href":"https:\/\/www.egemtv.com\/index.php?rest_route=\/wp\/v2\/posts\/40161\/revisions"}],"predecessor-version":[{"id":40163,"href":"https:\/\/www.egemtv.com\/index.php?rest_route=\/wp\/v2\/posts\/40161\/revisions\/40163"}],"wp:featuredmedia":[{"embeddable":true,"href":"https:\/\/www.egemtv.com\/index.php?rest_route=\/wp\/v2\/media\/40162"}],"wp:attachment":[{"href":"https:\/\/www.egemtv.com\/index.php?rest_route=%2Fwp%2Fv2%2Fmedia&parent=40161"}],"wp:term":[{"taxonomy":"category","embeddable":true,"href":"https:\/\/www.egemtv.com\/index.php?rest_route=%2Fwp%2Fv2%2Fcategories&post=40161"},{"taxonomy":"post_tag","embeddable":true,"href":"https:\/\/www.egemtv.com\/index.php?rest_route=%2Fwp%2Fv2%2Ftags&post=40161"}],"curies":[{"name":"wp","href":"https:\/\/api.w.org\/{rel}","templated":true}]}}