{"id":40158,"date":"2025-07-05T23:15:51","date_gmt":"2025-07-05T20:15:51","guid":{"rendered":"https:\/\/www.egemtv.com\/?p=40158"},"modified":"2025-07-05T23:15:58","modified_gmt":"2025-07-05T20:15:58","slug":"burdurda-traktorden-cikan-yanginda-5-donum-arazi-kul-oldu","status":"publish","type":"post","link":"https:\/\/www.egemtv.com\/?p=40158","title":{"rendered":"Burdur\u2019da trakt\u00f6rden \u00e7\u0131kan yang\u0131nda 5 d\u00f6n\u00fcm arazi k\u00fcl oldu"},"content":{"rendered":"<p>Burdur merkeze ba\u011fl\u0131 D\u00fc\u011fer k\u00f6y\u00fcnde trakt\u00f6r konta\u011f\u0131n\u0131n k\u0131sa devre yapmas\u0131 sonucu \u00e7\u0131kan yang\u0131nda 5 d\u00f6n\u00fcm arazi, trakt\u00f6r ve 10\u2019a yak\u0131n a\u011fa\u00e7 yand\u0131.<br \/>\n<br \/>Yang\u0131n, saat 20.00 s\u0131ralar\u0131nda merkeze ba\u011fl\u0131 D\u00fc\u011fer k\u00f6y\u00fcnde meydana geldi. Edinilen bilgilere g\u00f6re Necati Yava\u015f\u2019a ait arazide bulunan 15 DB 637 plakal\u0131 trakt\u00f6r\u00fcn konta\u011f\u0131n\u0131n k\u0131sa devre yapmas\u0131 sonucu yang\u0131n \u00e7\u0131kt\u0131. K\u0131sa s\u00fcrede trakt\u00f6r\u00fc saran alevler araziye ve a\u011fa\u00e7lara s\u0131\u00e7rad\u0131. 112 Acil \u00c7a\u011fr\u0131 Merkezi\u2019ne yap\u0131lan ihbar \u00fczerine b\u00f6lgeye itfaiye ve jandarma ekipleri sevk edildi. Olay yerine gelen itfaiye ekiplerinin uzun u\u011fra\u015flar\u0131 sonucu yang\u0131n kontrol alt\u0131na al\u0131narak s\u00f6nd\u00fcr\u00fcld\u00fc. Yang\u0131nda trakt\u00f6r, 5 d\u00f6n\u00fcm arazi ve 10\u2019a yak\u0131n a\u011fa\u00e7 yand\u0131.<br \/><\/p>\n","protected":false},"excerpt":{"rendered":"<p>Burdur merkeze ba\u011fl\u0131 D\u00fc\u011fer k\u00f6y\u00fcnde trakt\u00f6r konta\u011f\u0131n\u0131n k\u0131sa devre yapmas\u0131 sonucu \u00e7\u0131kan yang\u0131nda 5 d\u00f6n\u00fcm arazi, trakt\u00f6r ve 10\u2019a yak\u0131n a\u011fa\u00e7 yand\u0131. Yang\u0131n, saat 20.00 s\u0131ralar\u0131nda merkeze ba\u011fl\u0131 D\u00fc\u011fer k\u00f6y\u00fcnde meydana geldi. Edinilen bilgilere g\u00f6re Necati Yava\u015f\u2019a ait arazide bulunan 15 DB 637 plakal\u0131 trakt\u00f6r\u00fcn konta\u011f\u0131n\u0131n k\u0131sa devre yapmas\u0131 sonucu yang\u0131n \u00e7\u0131kt\u0131. K\u0131sa s\u00fcrede trakt\u00f6r\u00fc&#8230;<\/p>\n","protected":false},"author":1,"featured_media":40159,"comment_status":"open","ping_status":"open","sticky":false,"template":"","format":"standard","meta":{"_crdt_document":"","footnotes":""},"categories":[5],"tags":[],"class_list":["post-40158","post","type-post","status-publish","format-standard","has-post-thumbnail","hentry","category-asayis"],"_links":{"self":[{"href":"https:\/\/www.egemtv.com\/index.php?rest_route=\/wp\/v2\/posts\/40158","targetHints":{"allow":["GET"]}}],"collection":[{"href":"https:\/\/www.egemtv.com\/index.php?rest_route=\/wp\/v2\/posts"}],"about":[{"href":"https:\/\/www.egemtv.com\/index.php?rest_route=\/wp\/v2\/types\/post"}],"author":[{"embeddable":true,"href":"https:\/\/www.egemtv.com\/index.php?rest_route=\/wp\/v2\/users\/1"}],"replies":[{"embeddable":true,"href":"https:\/\/www.egemtv.com\/index.php?rest_route=%2Fwp%2Fv2%2Fcomments&post=40158"}],"version-history":[{"count":1,"href":"https:\/\/www.egemtv.com\/index.php?rest_route=\/wp\/v2\/posts\/40158\/revisions"}],"predecessor-version":[{"id":40160,"href":"https:\/\/www.egemtv.com\/index.php?rest_route=\/wp\/v2\/posts\/40158\/revisions\/40160"}],"wp:featuredmedia":[{"embeddable":true,"href":"https:\/\/www.egemtv.com\/index.php?rest_route=\/wp\/v2\/media\/40159"}],"wp:attachment":[{"href":"https:\/\/www.egemtv.com\/index.php?rest_route=%2Fwp%2Fv2%2Fmedia&parent=40158"}],"wp:term":[{"taxonomy":"category","embeddable":true,"href":"https:\/\/www.egemtv.com\/index.php?rest_route=%2Fwp%2Fv2%2Fcategories&post=40158"},{"taxonomy":"post_tag","embeddable":true,"href":"https:\/\/www.egemtv.com\/index.php?rest_route=%2Fwp%2Fv2%2Ftags&post=40158"}],"curies":[{"name":"wp","href":"https:\/\/api.w.org\/{rel}","templated":true}]}}