{"id":40155,"date":"2025-07-05T22:54:53","date_gmt":"2025-07-05T19:54:53","guid":{"rendered":"https:\/\/www.egemtv.com\/?p=40155"},"modified":"2025-07-05T22:54:57","modified_gmt":"2025-07-05T19:54:57","slug":"burdur-fethiye-yolunda-2-otomobil-carpisti-2-yarali","status":"publish","type":"post","link":"https:\/\/www.egemtv.com\/?p=40155","title":{"rendered":"Burdur-Fethiye yolunda 2 otomobil \u00e7arp\u0131\u015ft\u0131: 2 yaral\u0131"},"content":{"rendered":"<p>Burdur\u2019un Tefenni il\u00e7esinde iki otomobilin \u00e7arp\u0131\u015fmas\u0131 sonucu meydana gelen kazada 2 ki\u015fi yaraland\u0131.<br \/>\n<br \/>Kaza, saat 18.30 s\u0131ralar\u0131nda Tefenni il\u00e7esi Burdur Fethiye karayolu \u00fczerinde meydana geldi. Edinilen bilgilere g\u00f6re, Karamusa k\u00f6y\u00fc Kurucuova mevkiinde tali yoldan ana yola kontrols\u00fcz \u00e7\u0131kan Fatih \u015e.\u00dc. (32) idaresindeki 15 ADS 928 plakal\u0131 Nissan marka otomobil ile ana yolda Tefenni istikametinden \u00c7avd\u0131r istikametine seyir halinde olan Hasan \u00c7.(46) idaresindeki 07 ERY 58 plakal\u0131 otomobil kav\u015fakta \u00e7arp\u0131\u015ft\u0131. Kazada s\u00fcr\u00fcc\u00fc Hasan \u00c7. ve ayn\u0131 ara\u00e7ta yolcu olarak bulunan \u0130smail E. (29) yaraland\u0131. \u0130hbar \u00fczerine olay yerine sa\u011fl\u0131k, polis ve jandarma ekipleri sevk edildi. Olay yerine gelen sa\u011fl\u0131k ekiplerinin ilk m\u00fcdahelesinin ard\u0131ndan yaral\u0131lar ambulans ile G\u00f6lhisar Devlet Hastanesi\u2019ne kald\u0131r\u0131ld\u0131. Yaral\u0131lar\u0131n durumlar\u0131n\u0131n iyi oldu\u011fu \u00f6\u011frenilirken olay ile ilgili inceleme ba\u015flat\u0131ld\u0131.<br \/><\/p>\n","protected":false},"excerpt":{"rendered":"<p>Burdur\u2019un Tefenni il\u00e7esinde iki otomobilin \u00e7arp\u0131\u015fmas\u0131 sonucu meydana gelen kazada 2 ki\u015fi yaraland\u0131. Kaza, saat 18.30 s\u0131ralar\u0131nda Tefenni il\u00e7esi Burdur Fethiye karayolu \u00fczerinde meydana geldi. Edinilen bilgilere g\u00f6re, Karamusa k\u00f6y\u00fc Kurucuova mevkiinde tali yoldan ana yola kontrols\u00fcz \u00e7\u0131kan Fatih \u015e.\u00dc. (32) idaresindeki 15 ADS 928 plakal\u0131 Nissan marka otomobil ile ana yolda Tefenni istikametinden \u00c7avd\u0131r&#8230;<\/p>\n","protected":false},"author":1,"featured_media":40156,"comment_status":"open","ping_status":"open","sticky":false,"template":"","format":"standard","meta":{"_crdt_document":"","footnotes":""},"categories":[5],"tags":[],"class_list":["post-40155","post","type-post","status-publish","format-standard","has-post-thumbnail","hentry","category-asayis"],"_links":{"self":[{"href":"https:\/\/www.egemtv.com\/index.php?rest_route=\/wp\/v2\/posts\/40155","targetHints":{"allow":["GET"]}}],"collection":[{"href":"https:\/\/www.egemtv.com\/index.php?rest_route=\/wp\/v2\/posts"}],"about":[{"href":"https:\/\/www.egemtv.com\/index.php?rest_route=\/wp\/v2\/types\/post"}],"author":[{"embeddable":true,"href":"https:\/\/www.egemtv.com\/index.php?rest_route=\/wp\/v2\/users\/1"}],"replies":[{"embeddable":true,"href":"https:\/\/www.egemtv.com\/index.php?rest_route=%2Fwp%2Fv2%2Fcomments&post=40155"}],"version-history":[{"count":1,"href":"https:\/\/www.egemtv.com\/index.php?rest_route=\/wp\/v2\/posts\/40155\/revisions"}],"predecessor-version":[{"id":40157,"href":"https:\/\/www.egemtv.com\/index.php?rest_route=\/wp\/v2\/posts\/40155\/revisions\/40157"}],"wp:featuredmedia":[{"embeddable":true,"href":"https:\/\/www.egemtv.com\/index.php?rest_route=\/wp\/v2\/media\/40156"}],"wp:attachment":[{"href":"https:\/\/www.egemtv.com\/index.php?rest_route=%2Fwp%2Fv2%2Fmedia&parent=40155"}],"wp:term":[{"taxonomy":"category","embeddable":true,"href":"https:\/\/www.egemtv.com\/index.php?rest_route=%2Fwp%2Fv2%2Fcategories&post=40155"},{"taxonomy":"post_tag","embeddable":true,"href":"https:\/\/www.egemtv.com\/index.php?rest_route=%2Fwp%2Fv2%2Ftags&post=40155"}],"curies":[{"name":"wp","href":"https:\/\/api.w.org\/{rel}","templated":true}]}}