{"id":40152,"date":"2025-07-05T22:16:47","date_gmt":"2025-07-05T19:16:47","guid":{"rendered":"https:\/\/www.egemtv.com\/?p=40152"},"modified":"2025-07-05T22:16:51","modified_gmt":"2025-07-05T19:16:51","slug":"surulen-alan-alevlere-gecit-vermedi","status":"publish","type":"post","link":"https:\/\/www.egemtv.com\/?p=40152","title":{"rendered":"S\u00fcr\u00fclen alan alevlere ge\u00e7it vermedi"},"content":{"rendered":"<p>\u0130zmir\u2019in \u00d6demi\u015f il\u00e7esinde \u00e7\u0131kan yang\u0131n sonras\u0131nda toprak siyaha b\u00fcr\u00fcn\u00fcrken, yakla\u015f\u0131k 4 d\u00f6n\u00fcml\u00fck s\u00fcr\u00fclm\u00fc\u015f toprak d\u00f6rt taraf\u0131n\u0131 saran yang\u0131nda alevlere ge\u00e7it vermedi. Yang\u0131ndan etkilenmeyen zeytinlik alan\u0131n ortaya \u00e7\u0131kard\u0131\u011f\u0131 manzara g\u00f6renleri hayrete d\u00fc\u015f\u00fcrd\u00fc.<br \/>\n<br \/>\u0130zmir\u2019in \u00d6demi\u015f il\u00e7esinde ge\u00e7ti\u011fimiz g\u00fcnlerde \u00e7\u0131kan orman yang\u0131n\u0131, geni\u015f bir alan\u0131 k\u00fcle \u00e7evirirken, toprak adeta siyaha b\u00fcr\u00fcnd\u00fc. Yang\u0131n sonras\u0131nda olu\u015fan simsiyah vadinin ortas\u0131nda kalan zeytinlik bah\u00e7esinin ise alevlere ge\u00e7it vermemesi dikkat \u00e7ekti. \u00c7evresi tamamen siyaha b\u00fcr\u00fcnen da\u011fl\u0131k alan\u0131n ortas\u0131nda kalan alan, topra\u011f\u0131n s\u00fcr\u00fclmesinin ve otlar\u0131n\u0131n temizlenmesinin yang\u0131na kar\u015f\u0131 ne kadar etkili oldu\u011funu bir kez daha ortaya koydu.<br \/><\/p>\n","protected":false},"excerpt":{"rendered":"<p>\u0130zmir\u2019in \u00d6demi\u015f il\u00e7esinde \u00e7\u0131kan yang\u0131n sonras\u0131nda toprak siyaha b\u00fcr\u00fcn\u00fcrken, yakla\u015f\u0131k 4 d\u00f6n\u00fcml\u00fck s\u00fcr\u00fclm\u00fc\u015f toprak d\u00f6rt taraf\u0131n\u0131 saran yang\u0131nda alevlere ge\u00e7it vermedi. Yang\u0131ndan etkilenmeyen zeytinlik alan\u0131n ortaya \u00e7\u0131kard\u0131\u011f\u0131 manzara g\u00f6renleri hayrete d\u00fc\u015f\u00fcrd\u00fc. \u0130zmir\u2019in \u00d6demi\u015f il\u00e7esinde ge\u00e7ti\u011fimiz g\u00fcnlerde \u00e7\u0131kan orman yang\u0131n\u0131, geni\u015f bir alan\u0131 k\u00fcle \u00e7evirirken, toprak adeta siyaha b\u00fcr\u00fcnd\u00fc. Yang\u0131n sonras\u0131nda olu\u015fan simsiyah vadinin ortas\u0131nda kalan&#8230;<\/p>\n","protected":false},"author":1,"featured_media":40153,"comment_status":"open","ping_status":"open","sticky":false,"template":"","format":"standard","meta":{"_crdt_document":"","footnotes":""},"categories":[1],"tags":[],"class_list":["post-40152","post","type-post","status-publish","format-standard","has-post-thumbnail","hentry","category-guncel"],"_links":{"self":[{"href":"https:\/\/www.egemtv.com\/index.php?rest_route=\/wp\/v2\/posts\/40152","targetHints":{"allow":["GET"]}}],"collection":[{"href":"https:\/\/www.egemtv.com\/index.php?rest_route=\/wp\/v2\/posts"}],"about":[{"href":"https:\/\/www.egemtv.com\/index.php?rest_route=\/wp\/v2\/types\/post"}],"author":[{"embeddable":true,"href":"https:\/\/www.egemtv.com\/index.php?rest_route=\/wp\/v2\/users\/1"}],"replies":[{"embeddable":true,"href":"https:\/\/www.egemtv.com\/index.php?rest_route=%2Fwp%2Fv2%2Fcomments&post=40152"}],"version-history":[{"count":1,"href":"https:\/\/www.egemtv.com\/index.php?rest_route=\/wp\/v2\/posts\/40152\/revisions"}],"predecessor-version":[{"id":40154,"href":"https:\/\/www.egemtv.com\/index.php?rest_route=\/wp\/v2\/posts\/40152\/revisions\/40154"}],"wp:featuredmedia":[{"embeddable":true,"href":"https:\/\/www.egemtv.com\/index.php?rest_route=\/wp\/v2\/media\/40153"}],"wp:attachment":[{"href":"https:\/\/www.egemtv.com\/index.php?rest_route=%2Fwp%2Fv2%2Fmedia&parent=40152"}],"wp:term":[{"taxonomy":"category","embeddable":true,"href":"https:\/\/www.egemtv.com\/index.php?rest_route=%2Fwp%2Fv2%2Fcategories&post=40152"},{"taxonomy":"post_tag","embeddable":true,"href":"https:\/\/www.egemtv.com\/index.php?rest_route=%2Fwp%2Fv2%2Ftags&post=40152"}],"curies":[{"name":"wp","href":"https:\/\/api.w.org\/{rel}","templated":true}]}}