{"id":40149,"date":"2025-07-05T22:16:43","date_gmt":"2025-07-05T19:16:43","guid":{"rendered":"https:\/\/www.egemtv.com\/?p=40149"},"modified":"2025-07-05T22:16:47","modified_gmt":"2025-07-05T19:16:47","slug":"koskte-asure-hayri-etkinligine-yogun-ilgi","status":"publish","type":"post","link":"https:\/\/www.egemtv.com\/?p=40149","title":{"rendered":"K\u00f6\u015fk\u2019te a\u015fure hayr\u0131 etkinli\u011fine yo\u011fun ilgi"},"content":{"rendered":"<p>Ayd\u0131n Vak\u0131flar B\u00f6lge M\u00fcd\u00fcrl\u00fc\u011f\u00fc, Muharrem ay\u0131 dolay\u0131s\u0131yla 7 il\u00e7ede a\u015fure hayr\u0131 d\u00fczenledi. K\u00f6\u015fk il\u00e7esindeki etkinli\u011fe yo\u011fun kat\u0131l\u0131m oldu.<br \/>\n<br \/>K\u00f6\u015fk Kaymakam\u0131 Hasan Ta\u015f\u2019\u0131n da kat\u0131ld\u0131\u011f\u0131 a\u015fure da\u011f\u0131tma etkinli\u011fi Recep Tayyip Erdo\u011fan Meydan\u0131\u2019nda ger\u00e7ekle\u015fti. Ayd\u0131n Vak\u0131flar B\u00f6lge M\u00fcd\u00fcrl\u00fc\u011f\u00fc taraf\u0131ndan, her y\u0131l Muharrem ay\u0131n\u0131n 10. g\u00fcn\u00fcnde ger\u00e7ekle\u015ftirilen geleneksel a\u015fure ikram\u0131 bu y\u0131l da K\u00f6\u015fk il\u00e7e merkezinde yo\u011fun kat\u0131l\u0131m ve b\u00fcy\u00fck bir co\u015fkuyla ger\u00e7ekle\u015ftirildi. K\u00f6\u015fk Kaymakam\u0131 Hasan Ta\u015f etkinlikte vatanda\u015flara kendi elleriyle a\u015fure da\u011f\u0131tt\u0131. Kaymakam Ta\u015f, bir s\u00fcre vatanda\u015flara a\u015fure ikram\u0131nda bulunduktan sonra bir s\u00fcre vatanda\u015flarla sohbet etti. K\u00f6\u015fk il\u00e7esinde a\u015fure ikram\u0131 ger\u00e7ekle\u015ftirilerek, birlik, beraberlik ve payla\u015fma k\u00fclt\u00fcr\u00fc bir kez daha ya\u015fat\u0131ld\u0131.<br \/>\n<br \/>K\u00f6\u015fk Kent meydan\u0131nda a\u015fure ikram edilen vatanda\u015flar, bu g\u00fczel gelene\u011fin ya\u015fat\u0131lmas\u0131ndan b\u00fcy\u00fck memnuniyet duyduklar\u0131n\u0131 belirterek te\u015fekk\u00fcr etti.<br \/><\/p>\n","protected":false},"excerpt":{"rendered":"<p>Ayd\u0131n Vak\u0131flar B\u00f6lge M\u00fcd\u00fcrl\u00fc\u011f\u00fc, Muharrem ay\u0131 dolay\u0131s\u0131yla 7 il\u00e7ede a\u015fure hayr\u0131 d\u00fczenledi. K\u00f6\u015fk il\u00e7esindeki etkinli\u011fe yo\u011fun kat\u0131l\u0131m oldu. K\u00f6\u015fk Kaymakam\u0131 Hasan Ta\u015f\u2019\u0131n da kat\u0131ld\u0131\u011f\u0131 a\u015fure da\u011f\u0131tma etkinli\u011fi Recep Tayyip Erdo\u011fan Meydan\u0131\u2019nda ger\u00e7ekle\u015fti. Ayd\u0131n Vak\u0131flar B\u00f6lge M\u00fcd\u00fcrl\u00fc\u011f\u00fc taraf\u0131ndan, her y\u0131l Muharrem ay\u0131n\u0131n 10. g\u00fcn\u00fcnde ger\u00e7ekle\u015ftirilen geleneksel a\u015fure ikram\u0131 bu y\u0131l da K\u00f6\u015fk il\u00e7e merkezinde yo\u011fun kat\u0131l\u0131m&#8230;<\/p>\n","protected":false},"author":1,"featured_media":40150,"comment_status":"open","ping_status":"open","sticky":false,"template":"","format":"standard","meta":{"_crdt_document":"","footnotes":""},"categories":[1],"tags":[],"class_list":["post-40149","post","type-post","status-publish","format-standard","has-post-thumbnail","hentry","category-guncel"],"_links":{"self":[{"href":"https:\/\/www.egemtv.com\/index.php?rest_route=\/wp\/v2\/posts\/40149","targetHints":{"allow":["GET"]}}],"collection":[{"href":"https:\/\/www.egemtv.com\/index.php?rest_route=\/wp\/v2\/posts"}],"about":[{"href":"https:\/\/www.egemtv.com\/index.php?rest_route=\/wp\/v2\/types\/post"}],"author":[{"embeddable":true,"href":"https:\/\/www.egemtv.com\/index.php?rest_route=\/wp\/v2\/users\/1"}],"replies":[{"embeddable":true,"href":"https:\/\/www.egemtv.com\/index.php?rest_route=%2Fwp%2Fv2%2Fcomments&post=40149"}],"version-history":[{"count":1,"href":"https:\/\/www.egemtv.com\/index.php?rest_route=\/wp\/v2\/posts\/40149\/revisions"}],"predecessor-version":[{"id":40151,"href":"https:\/\/www.egemtv.com\/index.php?rest_route=\/wp\/v2\/posts\/40149\/revisions\/40151"}],"wp:featuredmedia":[{"embeddable":true,"href":"https:\/\/www.egemtv.com\/index.php?rest_route=\/wp\/v2\/media\/40150"}],"wp:attachment":[{"href":"https:\/\/www.egemtv.com\/index.php?rest_route=%2Fwp%2Fv2%2Fmedia&parent=40149"}],"wp:term":[{"taxonomy":"category","embeddable":true,"href":"https:\/\/www.egemtv.com\/index.php?rest_route=%2Fwp%2Fv2%2Fcategories&post=40149"},{"taxonomy":"post_tag","embeddable":true,"href":"https:\/\/www.egemtv.com\/index.php?rest_route=%2Fwp%2Fv2%2Ftags&post=40149"}],"curies":[{"name":"wp","href":"https:\/\/api.w.org\/{rel}","templated":true}]}}