{"id":40146,"date":"2025-07-05T21:54:48","date_gmt":"2025-07-05T18:54:48","guid":{"rendered":"https:\/\/www.egemtv.com\/?p=40146"},"modified":"2025-07-05T21:54:52","modified_gmt":"2025-07-05T18:54:52","slug":"eski-esyalarin-bulusma-noktasi-efekent-bit-pazari","status":"publish","type":"post","link":"https:\/\/www.egemtv.com\/?p=40146","title":{"rendered":"Eski e\u015fyalar\u0131n bulu\u015fma noktas\u0131: Efekent Bit Pazar\u0131"},"content":{"rendered":"<p>Ayd\u0131n\u2019\u0131n Efeler il\u00e7esinde her Cumartesi kurulan ve eski e\u015fyalar\u0131n bulu\u015fma noktas\u0131 haline gelen Efekent Bit Pazar\u0131, ziyaret\u00e7ilerini adeta zamanda yolculu\u011fa \u00e7\u0131kar\u0131yor.<br \/>\n<br \/>Her Cumartesi sabah\u0131 Efekent Kapal\u0131 Pazaryeri\u2019nde a\u00e7\u0131lan bit pazar\u0131, al\u0131c\u0131 ve sat\u0131c\u0131lar taraf\u0131ndan ilgiyle takip ediliyor. Girne Mahallesi\u2019nde bulunan kapal\u0131 pazaryeri, haftal\u0131k olarak eski e\u015fya sevenlerin bulu\u015fma noktas\u0131 oluyor. Erken saatlerde ba\u015flayan pazarda, ikinci el \u00fcr\u00fcnler yeni sahiplerine kavu\u015fmay\u0131 bekliyor. Bit pazar\u0131na al\u0131\u015fveri\u015f yapmak i\u00e7in gelen M\u00fcge Kalkan, buran\u0131n sadece al\u0131\u015fveri\u015f de\u011fil, bir al\u0131\u015fkanl\u0131k haline geldi\u011fini s\u00f6yleyerek &#8220;Her hafta u\u011fruyorum. Hem uygun fiyatl\u0131 \u015feyler buluyorum hem de bazen \u00e7ok \u00f6zel par\u00e7alar denk geliyor. \u00c7ocuklu\u011fumu hat\u0131rlatan \u015feyler bile oluyor&#8221; dedi.<br \/>\n<br \/>G\u00f6khan \u00d6zt\u00fcrk, bit pazar\u0131n\u0131n al\u0131\u015fveri\u015fin yan\u0131 s\u0131ra, dostluklar\u0131n ve sohbetlerin de merkezi oldu\u011funu ifade ederek &#8220;Burada sadece sat\u0131\u015f yapm\u0131yoruz, sohbet ediyoruz, dostluk kuruyoruz. Herkes birbirini tan\u0131yor art\u0131k. \u0130nsanlar yeni gibi \u00fcr\u00fcnleri \u00e7ok uygun fiyatlara alabiliyor&#8221; \u015feklinde konu\u015ftu.<br \/>\n<br \/>Tezgahlarda eski k\u0131yafetler, elektronik e\u015fyalar, kitaplar, mutfak \u00fcr\u00fcnleri, oyuncaklar, plaklar ve daha pek \u00e7ok \u015fey bulunabiliyor. \u00d6zellikle sabah saatlerinde daha hareketli olan pazar, hem nostalji arayanlara hem de ekonomik al\u0131\u015fveri\u015f yapmak isteyenlere hitap ediyor.<br \/><\/p>\n","protected":false},"excerpt":{"rendered":"<p>Ayd\u0131n\u2019\u0131n Efeler il\u00e7esinde her Cumartesi kurulan ve eski e\u015fyalar\u0131n bulu\u015fma noktas\u0131 haline gelen Efekent Bit Pazar\u0131, ziyaret\u00e7ilerini adeta zamanda yolculu\u011fa \u00e7\u0131kar\u0131yor. Her Cumartesi sabah\u0131 Efekent Kapal\u0131 Pazaryeri\u2019nde a\u00e7\u0131lan bit pazar\u0131, al\u0131c\u0131 ve sat\u0131c\u0131lar taraf\u0131ndan ilgiyle takip ediliyor. Girne Mahallesi\u2019nde bulunan kapal\u0131 pazaryeri, haftal\u0131k olarak eski e\u015fya sevenlerin bulu\u015fma noktas\u0131 oluyor. Erken saatlerde ba\u015flayan pazarda, ikinci&#8230;<\/p>\n","protected":false},"author":1,"featured_media":40147,"comment_status":"open","ping_status":"open","sticky":false,"template":"","format":"standard","meta":{"_crdt_document":"","footnotes":""},"categories":[1],"tags":[],"class_list":["post-40146","post","type-post","status-publish","format-standard","has-post-thumbnail","hentry","category-guncel"],"_links":{"self":[{"href":"https:\/\/www.egemtv.com\/index.php?rest_route=\/wp\/v2\/posts\/40146","targetHints":{"allow":["GET"]}}],"collection":[{"href":"https:\/\/www.egemtv.com\/index.php?rest_route=\/wp\/v2\/posts"}],"about":[{"href":"https:\/\/www.egemtv.com\/index.php?rest_route=\/wp\/v2\/types\/post"}],"author":[{"embeddable":true,"href":"https:\/\/www.egemtv.com\/index.php?rest_route=\/wp\/v2\/users\/1"}],"replies":[{"embeddable":true,"href":"https:\/\/www.egemtv.com\/index.php?rest_route=%2Fwp%2Fv2%2Fcomments&post=40146"}],"version-history":[{"count":1,"href":"https:\/\/www.egemtv.com\/index.php?rest_route=\/wp\/v2\/posts\/40146\/revisions"}],"predecessor-version":[{"id":40148,"href":"https:\/\/www.egemtv.com\/index.php?rest_route=\/wp\/v2\/posts\/40146\/revisions\/40148"}],"wp:featuredmedia":[{"embeddable":true,"href":"https:\/\/www.egemtv.com\/index.php?rest_route=\/wp\/v2\/media\/40147"}],"wp:attachment":[{"href":"https:\/\/www.egemtv.com\/index.php?rest_route=%2Fwp%2Fv2%2Fmedia&parent=40146"}],"wp:term":[{"taxonomy":"category","embeddable":true,"href":"https:\/\/www.egemtv.com\/index.php?rest_route=%2Fwp%2Fv2%2Fcategories&post=40146"},{"taxonomy":"post_tag","embeddable":true,"href":"https:\/\/www.egemtv.com\/index.php?rest_route=%2Fwp%2Fv2%2Ftags&post=40146"}],"curies":[{"name":"wp","href":"https:\/\/api.w.org\/{rel}","templated":true}]}}