{"id":40143,"date":"2025-07-05T21:17:06","date_gmt":"2025-07-05T18:17:06","guid":{"rendered":"https:\/\/www.egemtv.com\/?p=40143"},"modified":"2025-07-05T21:17:14","modified_gmt":"2025-07-05T18:17:14","slug":"aliaga-fk-vanspordan-harun-kavaklidereyi-renklerine-bagladi","status":"publish","type":"post","link":"https:\/\/www.egemtv.com\/?p=40143","title":{"rendered":"Alia\u011fa FK, Vanspor\u2019dan Harun Kavakl\u0131dere\u2019yi renklerine ba\u011flad\u0131"},"content":{"rendered":"<p>TFF 2. Lig\u2019in \u0130zmir temsilcisi Alia\u011fa FK, transfer \u00e7al\u0131\u015fmalar\u0131na h\u0131z kesmeden devam ediyor. Sar\u0131-siyahl\u0131 ekip, ge\u00e7ti\u011fimiz sezon Vanspor formas\u0131 giyen 27 ya\u015f\u0131ndaki kanat oyuncusu Harun Kavakl\u0131dere ile 2 y\u0131ll\u0131k s\u00f6zle\u015fme imzalad\u0131.<br \/>\n<br \/>Kul\u00fcpten yap\u0131lan a\u00e7\u0131klamada, &#8220;Vanspor\u2019da forma giyen kanat oyuncusu Harun Kavakl\u0131dere ile 2 y\u0131ll\u0131k anla\u015fma sa\u011flad\u0131k. Harun\u2019a ho\u015f geldin diyor, formam\u0131z alt\u0131nda ba\u015far\u0131lar diliyoruz&#8221; ifadelerine yer verildi.<br \/><\/p>\n","protected":false},"excerpt":{"rendered":"<p>TFF 2. Lig\u2019in \u0130zmir temsilcisi Alia\u011fa FK, transfer \u00e7al\u0131\u015fmalar\u0131na h\u0131z kesmeden devam ediyor. Sar\u0131-siyahl\u0131 ekip, ge\u00e7ti\u011fimiz sezon Vanspor formas\u0131 giyen 27 ya\u015f\u0131ndaki kanat oyuncusu Harun Kavakl\u0131dere ile 2 y\u0131ll\u0131k s\u00f6zle\u015fme imzalad\u0131. Kul\u00fcpten yap\u0131lan a\u00e7\u0131klamada, &#8220;Vanspor\u2019da forma giyen kanat oyuncusu Harun Kavakl\u0131dere ile 2 y\u0131ll\u0131k anla\u015fma sa\u011flad\u0131k. Harun\u2019a ho\u015f geldin diyor, formam\u0131z alt\u0131nda ba\u015far\u0131lar diliyoruz&#8221; ifadelerine&#8230;<\/p>\n","protected":false},"author":1,"featured_media":40144,"comment_status":"open","ping_status":"open","sticky":false,"template":"","format":"standard","meta":{"_crdt_document":"","footnotes":""},"categories":[4],"tags":[],"class_list":["post-40143","post","type-post","status-publish","format-standard","has-post-thumbnail","hentry","category-spor"],"_links":{"self":[{"href":"https:\/\/www.egemtv.com\/index.php?rest_route=\/wp\/v2\/posts\/40143","targetHints":{"allow":["GET"]}}],"collection":[{"href":"https:\/\/www.egemtv.com\/index.php?rest_route=\/wp\/v2\/posts"}],"about":[{"href":"https:\/\/www.egemtv.com\/index.php?rest_route=\/wp\/v2\/types\/post"}],"author":[{"embeddable":true,"href":"https:\/\/www.egemtv.com\/index.php?rest_route=\/wp\/v2\/users\/1"}],"replies":[{"embeddable":true,"href":"https:\/\/www.egemtv.com\/index.php?rest_route=%2Fwp%2Fv2%2Fcomments&post=40143"}],"version-history":[{"count":1,"href":"https:\/\/www.egemtv.com\/index.php?rest_route=\/wp\/v2\/posts\/40143\/revisions"}],"predecessor-version":[{"id":40145,"href":"https:\/\/www.egemtv.com\/index.php?rest_route=\/wp\/v2\/posts\/40143\/revisions\/40145"}],"wp:featuredmedia":[{"embeddable":true,"href":"https:\/\/www.egemtv.com\/index.php?rest_route=\/wp\/v2\/media\/40144"}],"wp:attachment":[{"href":"https:\/\/www.egemtv.com\/index.php?rest_route=%2Fwp%2Fv2%2Fmedia&parent=40143"}],"wp:term":[{"taxonomy":"category","embeddable":true,"href":"https:\/\/www.egemtv.com\/index.php?rest_route=%2Fwp%2Fv2%2Fcategories&post=40143"},{"taxonomy":"post_tag","embeddable":true,"href":"https:\/\/www.egemtv.com\/index.php?rest_route=%2Fwp%2Fv2%2Ftags&post=40143"}],"curies":[{"name":"wp","href":"https:\/\/api.w.org\/{rel}","templated":true}]}}