{"id":40140,"date":"2025-07-05T20:44:21","date_gmt":"2025-07-05T17:44:21","guid":{"rendered":"https:\/\/www.egemtv.com\/?p=40140"},"modified":"2025-07-05T20:44:26","modified_gmt":"2025-07-05T17:44:26","slug":"ispartadaki-orman-yangini-kontrol-altina-alindi-2","status":"publish","type":"post","link":"https:\/\/www.egemtv.com\/?p=40140","title":{"rendered":"Isparta\u2019daki orman yang\u0131n\u0131 kontrol alt\u0131na al\u0131nd\u0131"},"content":{"rendered":"<p>Isparta\u2019n\u0131n Yeni\u015farbademli il\u00e7esinde k\u0131rsal alanda ba\u015flayan ve ormanl\u0131k alana s\u0131\u00e7rayan yang\u0131n, ekiplerin yo\u011fun m\u00fcdahalesi sonucu kontrol alt\u0131na al\u0131nd\u0131.<br \/>\n<br \/>Yang\u0131n, \u00f6\u011fle saatlerinde Yeni\u015farbademli il\u00e7esine ba\u011fl\u0131 k\u0131rsal bir alanda meydana geldi. R\u00fczgar\u0131n etkisiyle k\u0131sa s\u00fcrede b\u00fcy\u00fcyen alevler, ormanl\u0131k alana s\u0131\u00e7rad\u0131. Yang\u0131na Yeni\u015farbademli Orman \u0130\u015fletme M\u00fcd\u00fcrl\u00fc\u011f\u00fc ekipleri ile birlikte itfaiye ekipleri m\u00fcdahale ederken, jandarma ekipleri de b\u00f6lgede g\u00fcvenlik \u00f6nlemleri ald\u0131.<br \/>\n<br \/>Yerle\u015fim yerlerine yak\u0131n bir mesafeye kadar gelen yang\u0131n, ekiplerin yo\u011fun \u00e7abas\u0131 sonucu kontrol alt\u0131na al\u0131nd\u0131. Yang\u0131n\u0131n \u00e7\u0131k\u0131\u015f nedeni ile ilgili inceleme ba\u015flat\u0131ld\u0131.<br \/><\/p>\n","protected":false},"excerpt":{"rendered":"<p>Isparta\u2019n\u0131n Yeni\u015farbademli il\u00e7esinde k\u0131rsal alanda ba\u015flayan ve ormanl\u0131k alana s\u0131\u00e7rayan yang\u0131n, ekiplerin yo\u011fun m\u00fcdahalesi sonucu kontrol alt\u0131na al\u0131nd\u0131. Yang\u0131n, \u00f6\u011fle saatlerinde Yeni\u015farbademli il\u00e7esine ba\u011fl\u0131 k\u0131rsal bir alanda meydana geldi. R\u00fczgar\u0131n etkisiyle k\u0131sa s\u00fcrede b\u00fcy\u00fcyen alevler, ormanl\u0131k alana s\u0131\u00e7rad\u0131. Yang\u0131na Yeni\u015farbademli Orman \u0130\u015fletme M\u00fcd\u00fcrl\u00fc\u011f\u00fc ekipleri ile birlikte itfaiye ekipleri m\u00fcdahale ederken, jandarma ekipleri de b\u00f6lgede g\u00fcvenlik&#8230;<\/p>\n","protected":false},"author":1,"featured_media":40141,"comment_status":"open","ping_status":"open","sticky":false,"template":"","format":"standard","meta":{"_crdt_document":"","footnotes":""},"categories":[5],"tags":[],"class_list":["post-40140","post","type-post","status-publish","format-standard","has-post-thumbnail","hentry","category-asayis"],"_links":{"self":[{"href":"https:\/\/www.egemtv.com\/index.php?rest_route=\/wp\/v2\/posts\/40140","targetHints":{"allow":["GET"]}}],"collection":[{"href":"https:\/\/www.egemtv.com\/index.php?rest_route=\/wp\/v2\/posts"}],"about":[{"href":"https:\/\/www.egemtv.com\/index.php?rest_route=\/wp\/v2\/types\/post"}],"author":[{"embeddable":true,"href":"https:\/\/www.egemtv.com\/index.php?rest_route=\/wp\/v2\/users\/1"}],"replies":[{"embeddable":true,"href":"https:\/\/www.egemtv.com\/index.php?rest_route=%2Fwp%2Fv2%2Fcomments&post=40140"}],"version-history":[{"count":1,"href":"https:\/\/www.egemtv.com\/index.php?rest_route=\/wp\/v2\/posts\/40140\/revisions"}],"predecessor-version":[{"id":40142,"href":"https:\/\/www.egemtv.com\/index.php?rest_route=\/wp\/v2\/posts\/40140\/revisions\/40142"}],"wp:featuredmedia":[{"embeddable":true,"href":"https:\/\/www.egemtv.com\/index.php?rest_route=\/wp\/v2\/media\/40141"}],"wp:attachment":[{"href":"https:\/\/www.egemtv.com\/index.php?rest_route=%2Fwp%2Fv2%2Fmedia&parent=40140"}],"wp:term":[{"taxonomy":"category","embeddable":true,"href":"https:\/\/www.egemtv.com\/index.php?rest_route=%2Fwp%2Fv2%2Fcategories&post=40140"},{"taxonomy":"post_tag","embeddable":true,"href":"https:\/\/www.egemtv.com\/index.php?rest_route=%2Fwp%2Fv2%2Ftags&post=40140"}],"curies":[{"name":"wp","href":"https:\/\/api.w.org\/{rel}","templated":true}]}}