{"id":40137,"date":"2025-07-05T20:44:16","date_gmt":"2025-07-05T17:44:16","guid":{"rendered":"https:\/\/www.egemtv.com\/?p=40137"},"modified":"2025-07-05T20:44:21","modified_gmt":"2025-07-05T17:44:21","slug":"bakan-murat-kurum-yaralari-birlikte-saracagiz","status":"publish","type":"post","link":"https:\/\/www.egemtv.com\/?p=40137","title":{"rendered":"Bakan Murat Kurum: &#8220;Yaralar\u0131 birlikte saraca\u011f\u0131z&#8221;"},"content":{"rendered":"<p>\u00c7evre, \u015eehircilik ve \u0130klim De\u011fi\u015fikli\u011fi Bakan\u0131 Murat Kurum, \u0130zmir\u2019in \u00d6demi\u015f il\u00e7esinde meydana gelen orman yang\u0131n\u0131n ard\u0131ndan b\u00f6lgeye gelerek \u00e7al\u0131\u015fmalar hakk\u0131nda bilgi ald\u0131 ve koordinasyon toplant\u0131s\u0131na ba\u015fkanl\u0131k etti. Yang\u0131ndan etkilenen mahallelerde de incelemelerde bulunan Bakan Kurum, hasar tespit \u00e7al\u0131\u015fmalar\u0131n\u0131n b\u00fcy\u00fck \u00f6l\u00e7\u00fcde tamamland\u0131\u011f\u0131n\u0131 ve vatanda\u015flar\u0131n yaralar\u0131n\u0131n devlet taraf\u0131ndan h\u0131zla sar\u0131ld\u0131\u011f\u0131n\u0131 s\u00f6yledi.<br \/>\n<br \/>Toplant\u0131 sonras\u0131 Karaduman Mahallesine gelen Bakan Kurum, burada mahallede incelemelerde bulunup vatanda\u015fla bulunduktan sonra bas\u0131n a\u00e7\u0131klamas\u0131 ger\u00e7ekle\u015ftirdi. A\u00e7\u0131klamada konu\u015fan Bakan Kurum, orman yang\u0131n\u0131nda hayat\u0131n\u0131 kaybeden iki vatanda\u015f i\u00e7in ba\u015fsa\u011fl\u0131\u011f\u0131 dileyerek, &#8220;Can\u0131 pahas\u0131na \u00e7al\u0131\u015fan t\u00fcm orman kahramanlar\u0131m\u0131z\u0131n Allah yard\u0131mc\u0131s\u0131 olsun&#8221; dedi. Kurum, Cumhurba\u015fkan\u0131 Recep Tayyip Erdo\u011fan\u2019\u0131n ge\u00e7mi\u015f olsun dileklerini de \u0130zmir halk\u0131na iletti. Bakan Kurum, &#8220;Yang\u0131nlardan etkilenen vatanda\u015flar\u0131m\u0131z\u0131n hesaplar\u0131na \u015fu ana kadar yakla\u015f\u0131k 16 milyon lira yat\u0131r\u0131ld\u0131. Kira yard\u0131m\u0131, ta\u015f\u0131nma yard\u0131m\u0131 ve e\u015fya zararlar\u0131 kar\u015f\u0131land\u0131&#8221; dedi. Ayr\u0131ca AFAD taraf\u0131ndan 30 milyon lira \u00f6denek g\u00f6nderildi\u011fi, ihtiya\u00e7 halinde bu rakam\u0131n art\u0131r\u0131laca\u011f\u0131 ifade edildi.<br \/>\n<br \/>Kurum, \u0130zmir ve Bilecik\u2019te in\u015fa \u00e7al\u0131\u015fmalar\u0131n\u0131n 1-2 ay i\u00e7inde ba\u015flayaca\u011f\u0131n\u0131, bir y\u0131l i\u00e7erisinde sa\u011flam ve g\u00fcvenli konutlar\u0131n teslim edilece\u011fini vurgulad\u0131. Kurum, &#8220;Nas\u0131l ki Antalya ve Mu\u011fla\u2019da verdi\u011fimiz s\u00f6zleri tuttuk, burada da vatanda\u015flar\u0131m\u0131za yeni evlerini teslim edece\u011fiz&#8221; dedi.<br \/>\n<br \/>Meteoroloji Genel M\u00fcd\u00fcrl\u00fc\u011f\u00fc verilerine dikkat \u00e7eken Kurum, \u00f6n\u00fcm\u00fczdeki g\u00fcnlerde hava s\u0131cakl\u0131klar\u0131n\u0131n mevsim normallerinin 4 ila 6 derece \u00fczerinde seyredece\u011fini belirtti. Vatanda\u015flardan daha dikkatli ve duyarl\u0131 olmalar\u0131n\u0131 isteyen Bakan, basit bir ihmalin b\u00fcy\u00fck felaketlere yol a\u00e7abilece\u011fini hat\u0131rlatt\u0131.<br \/><\/p>\n","protected":false},"excerpt":{"rendered":"<p>\u00c7evre, \u015eehircilik ve \u0130klim De\u011fi\u015fikli\u011fi Bakan\u0131 Murat Kurum, \u0130zmir\u2019in \u00d6demi\u015f il\u00e7esinde meydana gelen orman yang\u0131n\u0131n ard\u0131ndan b\u00f6lgeye gelerek \u00e7al\u0131\u015fmalar hakk\u0131nda bilgi ald\u0131 ve koordinasyon toplant\u0131s\u0131na ba\u015fkanl\u0131k etti. Yang\u0131ndan etkilenen mahallelerde de incelemelerde bulunan Bakan Kurum, hasar tespit \u00e7al\u0131\u015fmalar\u0131n\u0131n b\u00fcy\u00fck \u00f6l\u00e7\u00fcde tamamland\u0131\u011f\u0131n\u0131 ve vatanda\u015flar\u0131n yaralar\u0131n\u0131n devlet taraf\u0131ndan h\u0131zla sar\u0131ld\u0131\u011f\u0131n\u0131 s\u00f6yledi. Toplant\u0131 sonras\u0131 Karaduman Mahallesine gelen Bakan&#8230;<\/p>\n","protected":false},"author":1,"featured_media":40138,"comment_status":"open","ping_status":"open","sticky":false,"template":"","format":"standard","meta":{"_crdt_document":"","footnotes":""},"categories":[127],"tags":[],"class_list":["post-40137","post","type-post","status-publish","format-standard","has-post-thumbnail","hentry","category-siyaset"],"_links":{"self":[{"href":"https:\/\/www.egemtv.com\/index.php?rest_route=\/wp\/v2\/posts\/40137","targetHints":{"allow":["GET"]}}],"collection":[{"href":"https:\/\/www.egemtv.com\/index.php?rest_route=\/wp\/v2\/posts"}],"about":[{"href":"https:\/\/www.egemtv.com\/index.php?rest_route=\/wp\/v2\/types\/post"}],"author":[{"embeddable":true,"href":"https:\/\/www.egemtv.com\/index.php?rest_route=\/wp\/v2\/users\/1"}],"replies":[{"embeddable":true,"href":"https:\/\/www.egemtv.com\/index.php?rest_route=%2Fwp%2Fv2%2Fcomments&post=40137"}],"version-history":[{"count":1,"href":"https:\/\/www.egemtv.com\/index.php?rest_route=\/wp\/v2\/posts\/40137\/revisions"}],"predecessor-version":[{"id":40139,"href":"https:\/\/www.egemtv.com\/index.php?rest_route=\/wp\/v2\/posts\/40137\/revisions\/40139"}],"wp:featuredmedia":[{"embeddable":true,"href":"https:\/\/www.egemtv.com\/index.php?rest_route=\/wp\/v2\/media\/40138"}],"wp:attachment":[{"href":"https:\/\/www.egemtv.com\/index.php?rest_route=%2Fwp%2Fv2%2Fmedia&parent=40137"}],"wp:term":[{"taxonomy":"category","embeddable":true,"href":"https:\/\/www.egemtv.com\/index.php?rest_route=%2Fwp%2Fv2%2Fcategories&post=40137"},{"taxonomy":"post_tag","embeddable":true,"href":"https:\/\/www.egemtv.com\/index.php?rest_route=%2Fwp%2Fv2%2Ftags&post=40137"}],"curies":[{"name":"wp","href":"https:\/\/api.w.org\/{rel}","templated":true}]}}