{"id":40134,"date":"2025-07-05T19:55:50","date_gmt":"2025-07-05T16:55:50","guid":{"rendered":"https:\/\/www.egemtv.com\/?p=40134"},"modified":"2025-07-05T19:55:55","modified_gmt":"2025-07-05T16:55:55","slug":"tavsanlida-motosiklet-ile-bisiklet-carpisti-3-yarali","status":"publish","type":"post","link":"https:\/\/www.egemtv.com\/?p=40134","title":{"rendered":"Tav\u015fanl\u0131\u2019da motosiklet ile bisiklet \u00e7arp\u0131\u015ft\u0131: 3 yaral\u0131"},"content":{"rendered":"<p>K\u00fctahya\u2019da elektrikli bisiklet ile motosikletin \u00e7arp\u0131\u015fmas\u0131 sonucu ger\u00e7ekle\u015fen trafik kazas\u0131nda 3 ki\u015fi yaraland\u0131.<br \/>\n<br \/>Kaza, Tav\u015fanl\u0131 il\u00e7esi Yeni Mahalle Cennet Sokak \u00fczerinde meydana geldi. Edinilen bilgilere g\u00f6re; Ahmet T. idaresindeki 43 AGB 258 plakal\u0131 motosiklet ile Baran U. idaresindeki elektrikli bisiklet seyir halindeyken \u00e7arp\u0131\u015ft\u0131. Ya\u015fanan \u00e7arp\u0131\u015fman\u0131n etkisiyle her 2 s\u00fcr\u00fcc\u00fc ile elektrikli bisiklette yolcu olarak bulunan 1 ki\u015fi yaraland\u0131. Kaza ihbar\u0131 \u00fczerine belirtilen adrese 112 Acil Servis ekipleri sevk edildi. Yaral\u0131lar, ekiplerin ilk m\u00fcdahalesinin ard\u0131ndan Tav\u015fanl\u0131 Do\u00e7. Dr. Mustafa Kalemli Devlet Hastanesi\u2019ne kald\u0131r\u0131ld\u0131.<br \/>\n<br \/>Kaza ile ilgili soru\u015fturman\u0131n devam etti\u011fi belirtildi.<br \/><\/p>\n","protected":false},"excerpt":{"rendered":"<p>K\u00fctahya\u2019da elektrikli bisiklet ile motosikletin \u00e7arp\u0131\u015fmas\u0131 sonucu ger\u00e7ekle\u015fen trafik kazas\u0131nda 3 ki\u015fi yaraland\u0131. Kaza, Tav\u015fanl\u0131 il\u00e7esi Yeni Mahalle Cennet Sokak \u00fczerinde meydana geldi. Edinilen bilgilere g\u00f6re; Ahmet T. idaresindeki 43 AGB 258 plakal\u0131 motosiklet ile Baran U. idaresindeki elektrikli bisiklet seyir halindeyken \u00e7arp\u0131\u015ft\u0131. Ya\u015fanan \u00e7arp\u0131\u015fman\u0131n etkisiyle her 2 s\u00fcr\u00fcc\u00fc ile elektrikli bisiklette yolcu olarak bulunan&#8230;<\/p>\n","protected":false},"author":1,"featured_media":40135,"comment_status":"open","ping_status":"open","sticky":false,"template":"","format":"standard","meta":{"_crdt_document":"","footnotes":""},"categories":[5],"tags":[],"class_list":["post-40134","post","type-post","status-publish","format-standard","has-post-thumbnail","hentry","category-asayis"],"_links":{"self":[{"href":"https:\/\/www.egemtv.com\/index.php?rest_route=\/wp\/v2\/posts\/40134","targetHints":{"allow":["GET"]}}],"collection":[{"href":"https:\/\/www.egemtv.com\/index.php?rest_route=\/wp\/v2\/posts"}],"about":[{"href":"https:\/\/www.egemtv.com\/index.php?rest_route=\/wp\/v2\/types\/post"}],"author":[{"embeddable":true,"href":"https:\/\/www.egemtv.com\/index.php?rest_route=\/wp\/v2\/users\/1"}],"replies":[{"embeddable":true,"href":"https:\/\/www.egemtv.com\/index.php?rest_route=%2Fwp%2Fv2%2Fcomments&post=40134"}],"version-history":[{"count":1,"href":"https:\/\/www.egemtv.com\/index.php?rest_route=\/wp\/v2\/posts\/40134\/revisions"}],"predecessor-version":[{"id":40136,"href":"https:\/\/www.egemtv.com\/index.php?rest_route=\/wp\/v2\/posts\/40134\/revisions\/40136"}],"wp:featuredmedia":[{"embeddable":true,"href":"https:\/\/www.egemtv.com\/index.php?rest_route=\/wp\/v2\/media\/40135"}],"wp:attachment":[{"href":"https:\/\/www.egemtv.com\/index.php?rest_route=%2Fwp%2Fv2%2Fmedia&parent=40134"}],"wp:term":[{"taxonomy":"category","embeddable":true,"href":"https:\/\/www.egemtv.com\/index.php?rest_route=%2Fwp%2Fv2%2Fcategories&post=40134"},{"taxonomy":"post_tag","embeddable":true,"href":"https:\/\/www.egemtv.com\/index.php?rest_route=%2Fwp%2Fv2%2Ftags&post=40134"}],"curies":[{"name":"wp","href":"https:\/\/api.w.org\/{rel}","templated":true}]}}