{"id":40128,"date":"2025-07-05T18:58:00","date_gmt":"2025-07-05T15:58:00","guid":{"rendered":"https:\/\/www.egemtv.com\/?p=40128"},"modified":"2025-07-05T18:58:05","modified_gmt":"2025-07-05T15:58:05","slug":"tavsanlida-senlikte-bulusalim-etkinligi-basladi","status":"publish","type":"post","link":"https:\/\/www.egemtv.com\/?p=40128","title":{"rendered":"Tav\u015fanl\u0131\u2019da &#8220;\u015eenlikte Bulu\u015fal\u0131m&#8221; etkinli\u011fi ba\u015flad\u0131"},"content":{"rendered":"<p>K\u00fctahya\u2019n\u0131n Tav\u015fanl\u0131 il\u00e7esine ba\u011fl\u0131 Tepecik beldesinde, ilk kez d\u00fczenlenen &#8220;\u015eenlikte Bulu\u015fal\u0131m&#8221; etkinli\u011fi, yo\u011fun bir kat\u0131l\u0131mla start ald\u0131. K\u00fctahya Valisi Musa I\u015f\u0131n\u2019\u0131n da kat\u0131ld\u0131\u011f\u0131 \u015fenlik, Tepecik\u2019in k\u00fclt\u00fcrel zenginliklerini ve birlik beraberli\u011fini g\u00f6zler \u00f6n\u00fcne serdi.<br \/>\n<br \/>Tepecik Belediye Ba\u015fkan\u0131 Veysel Tekin, yapt\u0131\u011f\u0131 konu\u015fmada bu etkinli\u011fi geleneksel hale getirme amac\u0131nda olduklar\u0131n\u0131 vurgularken, K\u00fctahya Milletvekili Mehmet Demir ise bu t\u00fcr etkinliklerin devam\u0131n\u0131 temenni etti. \u015eenlik, \u0130l\u00e7e M\u00fcft\u00fcs\u00fc Mevl\u00fct Hakan Asan\u2019\u0131n yapt\u0131\u011f\u0131 duan\u0131n ba\u015flad\u0131. Ard\u0131ndan Tav\u015fanl\u0131 Belediyesi Halk Oyunlar\u0131 Toplulu\u011fu, y\u00f6resel g\u00f6sterileriyle davetlileri co\u015fturdu. K\u00fctahya Valisi Musa I\u015f\u0131n ve beraberindeki heyet, \u015fenlik alan\u0131nda a\u00e7\u0131lan stantlar\u0131 gezerek, Tepecik\u2019e \u00f6zg\u00fc \u00fcr\u00fcnleri ve el sanatlar\u0131n\u0131 yak\u0131ndan inceledi.<br \/>\n<br \/>\u015eenlikte, \u00e7ocuk oyun gruplar\u0131, Tepecik\u2019e \u00f6zg\u00fc tatl\u0131lar, \u00c7avu\u015fo\u011flu Et taraf\u0131ndan haz\u0131rlanan lezzetli k\u00f6fte ve sucuklar ile el eme\u011fi g\u00f6z nuru \u00fcr\u00fcnler yer al\u0131yor. Etkinlik, ziyaret\u00e7ilere Tepecik\u2019in y\u00f6resel lezzetlerini tatma ve y\u00f6re halk\u0131n\u0131n \u00fcretti\u011fi el sanatlar\u0131n\u0131 sat\u0131n alma f\u0131rsat\u0131 sunuyor. \u015eenli\u011fin en dikkat \u00e7eken noktalar\u0131ndan biri de \u00f6zellikle Tepecik\u2019e \u00f6zg\u00fc olan tatl\u0131lar oldu\u011funu s\u00f6ylemek m\u00fcmk\u00fcn.<br \/>\n<br \/>Bug\u00fcn ba\u015flayan ve Pazar g\u00fcn\u00fcne kadar s\u00fcrecek olan &#8220;\u015eenlikte Bulu\u015fal\u0131m&#8221; etkinli\u011finin yar\u0131n ak\u015famki program\u0131nda, \u00fcnl\u00fc sanat\u00e7\u0131 Emel \u00d6rg\u00fcn sahne alacak. Konserin, \u015fenli\u011fe kat\u0131l\u0131m\u0131 daha da art\u0131rmas\u0131 bekleniyor. \u00d6rg\u00fcn\u2019\u00fcn konseri \u00f6ncesinde ise \u00e7e\u015fitli sanatsal etkinlikler ve g\u00f6steriler d\u00fczenlenecek.<br \/><\/p>\n","protected":false},"excerpt":{"rendered":"<p>K\u00fctahya\u2019n\u0131n Tav\u015fanl\u0131 il\u00e7esine ba\u011fl\u0131 Tepecik beldesinde, ilk kez d\u00fczenlenen &#8220;\u015eenlikte Bulu\u015fal\u0131m&#8221; etkinli\u011fi, yo\u011fun bir kat\u0131l\u0131mla start ald\u0131. K\u00fctahya Valisi Musa I\u015f\u0131n\u2019\u0131n da kat\u0131ld\u0131\u011f\u0131 \u015fenlik, Tepecik\u2019in k\u00fclt\u00fcrel zenginliklerini ve birlik beraberli\u011fini g\u00f6zler \u00f6n\u00fcne serdi. Tepecik Belediye Ba\u015fkan\u0131 Veysel Tekin, yapt\u0131\u011f\u0131 konu\u015fmada bu etkinli\u011fi geleneksel hale getirme amac\u0131nda olduklar\u0131n\u0131 vurgularken, K\u00fctahya Milletvekili Mehmet Demir ise bu t\u00fcr&#8230;<\/p>\n","protected":false},"author":1,"featured_media":40129,"comment_status":"open","ping_status":"open","sticky":false,"template":"","format":"standard","meta":{"_crdt_document":"","footnotes":""},"categories":[1],"tags":[],"class_list":["post-40128","post","type-post","status-publish","format-standard","has-post-thumbnail","hentry","category-guncel"],"_links":{"self":[{"href":"https:\/\/www.egemtv.com\/index.php?rest_route=\/wp\/v2\/posts\/40128","targetHints":{"allow":["GET"]}}],"collection":[{"href":"https:\/\/www.egemtv.com\/index.php?rest_route=\/wp\/v2\/posts"}],"about":[{"href":"https:\/\/www.egemtv.com\/index.php?rest_route=\/wp\/v2\/types\/post"}],"author":[{"embeddable":true,"href":"https:\/\/www.egemtv.com\/index.php?rest_route=\/wp\/v2\/users\/1"}],"replies":[{"embeddable":true,"href":"https:\/\/www.egemtv.com\/index.php?rest_route=%2Fwp%2Fv2%2Fcomments&post=40128"}],"version-history":[{"count":1,"href":"https:\/\/www.egemtv.com\/index.php?rest_route=\/wp\/v2\/posts\/40128\/revisions"}],"predecessor-version":[{"id":40130,"href":"https:\/\/www.egemtv.com\/index.php?rest_route=\/wp\/v2\/posts\/40128\/revisions\/40130"}],"wp:featuredmedia":[{"embeddable":true,"href":"https:\/\/www.egemtv.com\/index.php?rest_route=\/wp\/v2\/media\/40129"}],"wp:attachment":[{"href":"https:\/\/www.egemtv.com\/index.php?rest_route=%2Fwp%2Fv2%2Fmedia&parent=40128"}],"wp:term":[{"taxonomy":"category","embeddable":true,"href":"https:\/\/www.egemtv.com\/index.php?rest_route=%2Fwp%2Fv2%2Fcategories&post=40128"},{"taxonomy":"post_tag","embeddable":true,"href":"https:\/\/www.egemtv.com\/index.php?rest_route=%2Fwp%2Fv2%2Ftags&post=40128"}],"curies":[{"name":"wp","href":"https:\/\/api.w.org\/{rel}","templated":true}]}}