{"id":40125,"date":"2025-07-05T18:37:45","date_gmt":"2025-07-05T15:37:45","guid":{"rendered":"https:\/\/www.egemtv.com\/?p=40125"},"modified":"2025-07-05T18:37:50","modified_gmt":"2025-07-05T15:37:50","slug":"tirin-carptigi-yasli-adam-yaralandi","status":"publish","type":"post","link":"https:\/\/www.egemtv.com\/?p=40125","title":{"rendered":"T\u0131r\u0131n \u00e7arpt\u0131\u011f\u0131 ya\u015fl\u0131 adam yaraland\u0131"},"content":{"rendered":"<p>Isparta\u2019n\u0131n E\u011firdir il\u00e7esinde yolun kar\u015f\u0131s\u0131na ge\u00e7meye \u00e7al\u0131\u015f\u0131rken t\u0131r\u0131n \u00e7arpt\u0131\u011f\u0131 90 ya\u015f\u0131ndaki adam yaraland\u0131.<br \/>\n<br \/>Kaza, d\u00fcn saat 17.00 s\u0131ralar\u0131nda E\u011firdir il\u00e7esi Cami Mahallesi H\u0131z\u0131rbey Camii arkas\u0131nda meydana geldi. Edinilen bilgilere g\u00f6re yolun kar\u015f\u0131s\u0131na ge\u00e7meye \u00e7al\u0131\u015fan Necati D.\u2019ye (90), 15 AS 448 plakal\u0131 t\u0131r \u00e7arpt\u0131. \u00c7arpman\u0131n etkisiyle yere savrularak t\u0131r ile kald\u0131r\u0131m aras\u0131na d\u00fc\u015fen ya\u015fl\u0131 adam, ba\u015f\u0131ndan ve baca\u011f\u0131ndan yaraland\u0131.<br \/>\n<br \/>\u00c7evredeki vatanda\u015flar\u0131n ihbar\u0131 \u00fczerine olay yerine polis ve sa\u011fl\u0131k ekipleri sevk edildi. \u0130lk m\u00fcdahalesi olay yerinde yap\u0131lan Necati D., \u00f6nce E\u011firdir Kemik Eklem Hastal\u0131klar\u0131 Hastanesi\u2019ne, ard\u0131ndan da Isparta \u015eehir Hastanesi\u2019ne sevk edildi.<br \/>\n<br \/>Kazayla ilgili inceleme ba\u015flat\u0131ld\u0131.<br \/><\/p>\n","protected":false},"excerpt":{"rendered":"<p>Isparta\u2019n\u0131n E\u011firdir il\u00e7esinde yolun kar\u015f\u0131s\u0131na ge\u00e7meye \u00e7al\u0131\u015f\u0131rken t\u0131r\u0131n \u00e7arpt\u0131\u011f\u0131 90 ya\u015f\u0131ndaki adam yaraland\u0131. Kaza, d\u00fcn saat 17.00 s\u0131ralar\u0131nda E\u011firdir il\u00e7esi Cami Mahallesi H\u0131z\u0131rbey Camii arkas\u0131nda meydana geldi. Edinilen bilgilere g\u00f6re yolun kar\u015f\u0131s\u0131na ge\u00e7meye \u00e7al\u0131\u015fan Necati D.\u2019ye (90), 15 AS 448 plakal\u0131 t\u0131r \u00e7arpt\u0131. \u00c7arpman\u0131n etkisiyle yere savrularak t\u0131r ile kald\u0131r\u0131m aras\u0131na d\u00fc\u015fen ya\u015fl\u0131 adam, ba\u015f\u0131ndan&#8230;<\/p>\n","protected":false},"author":1,"featured_media":40126,"comment_status":"open","ping_status":"open","sticky":false,"template":"","format":"standard","meta":{"_crdt_document":"","footnotes":""},"categories":[5],"tags":[],"class_list":["post-40125","post","type-post","status-publish","format-standard","has-post-thumbnail","hentry","category-asayis"],"_links":{"self":[{"href":"https:\/\/www.egemtv.com\/index.php?rest_route=\/wp\/v2\/posts\/40125","targetHints":{"allow":["GET"]}}],"collection":[{"href":"https:\/\/www.egemtv.com\/index.php?rest_route=\/wp\/v2\/posts"}],"about":[{"href":"https:\/\/www.egemtv.com\/index.php?rest_route=\/wp\/v2\/types\/post"}],"author":[{"embeddable":true,"href":"https:\/\/www.egemtv.com\/index.php?rest_route=\/wp\/v2\/users\/1"}],"replies":[{"embeddable":true,"href":"https:\/\/www.egemtv.com\/index.php?rest_route=%2Fwp%2Fv2%2Fcomments&post=40125"}],"version-history":[{"count":1,"href":"https:\/\/www.egemtv.com\/index.php?rest_route=\/wp\/v2\/posts\/40125\/revisions"}],"predecessor-version":[{"id":40127,"href":"https:\/\/www.egemtv.com\/index.php?rest_route=\/wp\/v2\/posts\/40125\/revisions\/40127"}],"wp:featuredmedia":[{"embeddable":true,"href":"https:\/\/www.egemtv.com\/index.php?rest_route=\/wp\/v2\/media\/40126"}],"wp:attachment":[{"href":"https:\/\/www.egemtv.com\/index.php?rest_route=%2Fwp%2Fv2%2Fmedia&parent=40125"}],"wp:term":[{"taxonomy":"category","embeddable":true,"href":"https:\/\/www.egemtv.com\/index.php?rest_route=%2Fwp%2Fv2%2Fcategories&post=40125"},{"taxonomy":"post_tag","embeddable":true,"href":"https:\/\/www.egemtv.com\/index.php?rest_route=%2Fwp%2Fv2%2Ftags&post=40125"}],"curies":[{"name":"wp","href":"https:\/\/api.w.org\/{rel}","templated":true}]}}