{"id":40122,"date":"2025-07-05T18:37:41","date_gmt":"2025-07-05T15:37:41","guid":{"rendered":"https:\/\/www.egemtv.com\/?p=40122"},"modified":"2025-07-05T18:37:45","modified_gmt":"2025-07-05T15:37:45","slug":"otomobille-carpisan-minibus-devrilmekten-son-anda-kurtuldu-3-yarali","status":"publish","type":"post","link":"https:\/\/www.egemtv.com\/?p=40122","title":{"rendered":"Otomobille \u00e7arp\u0131\u015fan minib\u00fcs devrilmekten son anda kurtuldu: 3 yaral\u0131"},"content":{"rendered":"<p>Isparta\u2019n\u0131n \u015earkikaraa\u011fa\u00e7 il\u00e7esinde k\u0131rm\u0131z\u0131 \u0131\u015f\u0131kta duramayan otomobil, kav\u015fakta minib\u00fcsle \u00e7arp\u0131\u015ft\u0131. Savrulan minib\u00fcs devrilmekten son anda kurtulurken, 3 ki\u015finin yaraland\u0131\u011f\u0131 kaza an\u0131 g\u00fcvenlik kameralar\u0131na yans\u0131d\u0131.<br \/>\n<br \/>Kaza, saat 12.00 s\u0131ralar\u0131nda Isparta\u2019n\u0131n \u015earkikaraa\u011fa\u00e7 il\u00e7esi 101. \u00c7evreyolu Caddesi \u00fczerindeki Alpet kav\u015fa\u011f\u0131nda meydana geldi. Edinilen bilgiye g\u00f6re, Yasemin G. idaresindeki 07 FRN 21 plakal\u0131 otomobil, il\u00e7e merkezi istikametinde seyir halindeyken Alpet \u0131\u015f\u0131kl\u0131 kav\u015fa\u011fa geldi\u011fi s\u0131rada k\u0131rm\u0131z\u0131 \u0131\u015f\u0131kta duramay\u0131nca kar\u015f\u0131ya ge\u00e7mek istedi. Bu esnada, Konya istikametinden Isparta y\u00f6n\u00fcne gitmekte olan 50 FE 925 plakal\u0131 minib\u00fcsle \u00e7arp\u0131\u015ft\u0131. \u00c7arp\u0131\u015fman\u0131n etkisiyle minib\u00fcs devrilmekten son anda kurtulurken, ara\u00e7ta yolcu olarak bulunan Melek G., G\u00f6n\u00fcl \u0130. ve Erdo\u011fan \u0130. yaraland\u0131. Kazay\u0131 g\u00f6ren \u00e7evredeki vatanda\u015flar\u0131n ihbar\u0131 \u00fczerine olay yerine polis ve sa\u011fl\u0131k ekipleri sevk edildi. Yaral\u0131lar, sa\u011fl\u0131k ekiplerinin ilk m\u00fcdahalesinin ard\u0131ndan ambulanslarla hastaneye kald\u0131r\u0131ld\u0131.<br \/>\n<br \/>\u00d6te yandan, kaza an\u0131 \u00e7evredeki bir i\u015f yerinin g\u00fcvenlik kameras\u0131 taraf\u0131ndan saniye saniye kaydedildi. Polis ekipleri olayla ilgili inceleme ba\u015flatt\u0131.<br \/><\/p>\n","protected":false},"excerpt":{"rendered":"<p>Isparta\u2019n\u0131n \u015earkikaraa\u011fa\u00e7 il\u00e7esinde k\u0131rm\u0131z\u0131 \u0131\u015f\u0131kta duramayan otomobil, kav\u015fakta minib\u00fcsle \u00e7arp\u0131\u015ft\u0131. Savrulan minib\u00fcs devrilmekten son anda kurtulurken, 3 ki\u015finin yaraland\u0131\u011f\u0131 kaza an\u0131 g\u00fcvenlik kameralar\u0131na yans\u0131d\u0131. Kaza, saat 12.00 s\u0131ralar\u0131nda Isparta\u2019n\u0131n \u015earkikaraa\u011fa\u00e7 il\u00e7esi 101. \u00c7evreyolu Caddesi \u00fczerindeki Alpet kav\u015fa\u011f\u0131nda meydana geldi. Edinilen bilgiye g\u00f6re, Yasemin G. idaresindeki 07 FRN 21 plakal\u0131 otomobil, il\u00e7e merkezi istikametinde seyir halindeyken&#8230;<\/p>\n","protected":false},"author":1,"featured_media":40123,"comment_status":"open","ping_status":"open","sticky":false,"template":"","format":"standard","meta":{"_crdt_document":"","footnotes":""},"categories":[5],"tags":[],"class_list":["post-40122","post","type-post","status-publish","format-standard","has-post-thumbnail","hentry","category-asayis"],"_links":{"self":[{"href":"https:\/\/www.egemtv.com\/index.php?rest_route=\/wp\/v2\/posts\/40122","targetHints":{"allow":["GET"]}}],"collection":[{"href":"https:\/\/www.egemtv.com\/index.php?rest_route=\/wp\/v2\/posts"}],"about":[{"href":"https:\/\/www.egemtv.com\/index.php?rest_route=\/wp\/v2\/types\/post"}],"author":[{"embeddable":true,"href":"https:\/\/www.egemtv.com\/index.php?rest_route=\/wp\/v2\/users\/1"}],"replies":[{"embeddable":true,"href":"https:\/\/www.egemtv.com\/index.php?rest_route=%2Fwp%2Fv2%2Fcomments&post=40122"}],"version-history":[{"count":1,"href":"https:\/\/www.egemtv.com\/index.php?rest_route=\/wp\/v2\/posts\/40122\/revisions"}],"predecessor-version":[{"id":40124,"href":"https:\/\/www.egemtv.com\/index.php?rest_route=\/wp\/v2\/posts\/40122\/revisions\/40124"}],"wp:featuredmedia":[{"embeddable":true,"href":"https:\/\/www.egemtv.com\/index.php?rest_route=\/wp\/v2\/media\/40123"}],"wp:attachment":[{"href":"https:\/\/www.egemtv.com\/index.php?rest_route=%2Fwp%2Fv2%2Fmedia&parent=40122"}],"wp:term":[{"taxonomy":"category","embeddable":true,"href":"https:\/\/www.egemtv.com\/index.php?rest_route=%2Fwp%2Fv2%2Fcategories&post=40122"},{"taxonomy":"post_tag","embeddable":true,"href":"https:\/\/www.egemtv.com\/index.php?rest_route=%2Fwp%2Fv2%2Ftags&post=40122"}],"curies":[{"name":"wp","href":"https:\/\/api.w.org\/{rel}","templated":true}]}}