{"id":40119,"date":"2025-07-05T18:37:36","date_gmt":"2025-07-05T15:37:36","guid":{"rendered":"https:\/\/www.egemtv.com\/?p=40119"},"modified":"2025-07-05T18:37:41","modified_gmt":"2025-07-05T15:37:41","slug":"burdurda-ceviz-bahcesi-ve-5-donum-tarim-arazisi-yandi","status":"publish","type":"post","link":"https:\/\/www.egemtv.com\/?p=40119","title":{"rendered":"Burdur\u2019da ceviz bah\u00e7esi ve 5 d\u00f6n\u00fcm tar\u0131m arazisi yand\u0131"},"content":{"rendered":"<p>Burdur merkeze ba\u011fl\u0131 \u00d6rencik k\u00f6y\u00fc Ak\u00e7e\u015fme mevkiinde \u00e7\u0131kan yang\u0131nda, ceviz bah\u00e7esiyle birlikte yakla\u015f\u0131k 5 d\u00f6n\u00fcml\u00fck tar\u0131m arazisi zarar g\u00f6rd\u00fc. Yang\u0131n, ekiplerin h\u0131zl\u0131 m\u00fcdahalesiyle \u00e7evredeki alanlara s\u0131\u00e7ramadan kontrol alt\u0131na al\u0131nd\u0131.<br \/>\n<br \/>Yang\u0131n, \u00f6\u011fle saatlerinde \u00d6rencik k\u00f6y\u00fc Ak\u00e7e\u015fme mevkiindeki tar\u0131m arazisinde meydana geldi. Hen\u00fcz \u00e7\u0131k\u0131\u015f nedeni belirlenemeyen yang\u0131n, k\u0131sa s\u00fcrede bah\u00e7edeki ceviz a\u011fa\u00e7lar\u0131n\u0131 ve \u00e7evresindeki ekili alanlar\u0131 etkisi alt\u0131na ald\u0131.<br \/>\n<br \/>Durumu fark eden arazi sahipleri taraf\u0131ndan yap\u0131lan ihbar \u00fczerine b\u00f6lgeye itfaiye ve jandarma ekipleri sevk edildi. Burdur Belediyesi \u0130tfaiye ekiplerinin m\u00fcdahalesiyle yang\u0131n, \u00e7evredeki di\u011fer tar\u0131m arazilerine s\u0131\u00e7ramadan s\u00f6nd\u00fcr\u00fcld\u00fc. Yang\u0131nda yakla\u015f\u0131k 5 d\u00f6n\u00fcm alan zarar g\u00f6r\u00fcrken, \u00e7ok say\u0131da ceviz a\u011fac\u0131n\u0131n hasar ald\u0131\u011f\u0131 bildirildi.<br \/>\n<br \/>Yang\u0131n\u0131n \u00e7\u0131k\u0131\u015f nedeniyle ilgili inceleme ba\u015flat\u0131ld\u0131.<br \/><\/p>\n","protected":false},"excerpt":{"rendered":"<p>Burdur merkeze ba\u011fl\u0131 \u00d6rencik k\u00f6y\u00fc Ak\u00e7e\u015fme mevkiinde \u00e7\u0131kan yang\u0131nda, ceviz bah\u00e7esiyle birlikte yakla\u015f\u0131k 5 d\u00f6n\u00fcml\u00fck tar\u0131m arazisi zarar g\u00f6rd\u00fc. Yang\u0131n, ekiplerin h\u0131zl\u0131 m\u00fcdahalesiyle \u00e7evredeki alanlara s\u0131\u00e7ramadan kontrol alt\u0131na al\u0131nd\u0131. Yang\u0131n, \u00f6\u011fle saatlerinde \u00d6rencik k\u00f6y\u00fc Ak\u00e7e\u015fme mevkiindeki tar\u0131m arazisinde meydana geldi. Hen\u00fcz \u00e7\u0131k\u0131\u015f nedeni belirlenemeyen yang\u0131n, k\u0131sa s\u00fcrede bah\u00e7edeki ceviz a\u011fa\u00e7lar\u0131n\u0131 ve \u00e7evresindeki ekili alanlar\u0131 etkisi&#8230;<\/p>\n","protected":false},"author":1,"featured_media":40120,"comment_status":"open","ping_status":"open","sticky":false,"template":"","format":"standard","meta":{"_crdt_document":"","footnotes":""},"categories":[5],"tags":[],"class_list":["post-40119","post","type-post","status-publish","format-standard","has-post-thumbnail","hentry","category-asayis"],"_links":{"self":[{"href":"https:\/\/www.egemtv.com\/index.php?rest_route=\/wp\/v2\/posts\/40119","targetHints":{"allow":["GET"]}}],"collection":[{"href":"https:\/\/www.egemtv.com\/index.php?rest_route=\/wp\/v2\/posts"}],"about":[{"href":"https:\/\/www.egemtv.com\/index.php?rest_route=\/wp\/v2\/types\/post"}],"author":[{"embeddable":true,"href":"https:\/\/www.egemtv.com\/index.php?rest_route=\/wp\/v2\/users\/1"}],"replies":[{"embeddable":true,"href":"https:\/\/www.egemtv.com\/index.php?rest_route=%2Fwp%2Fv2%2Fcomments&post=40119"}],"version-history":[{"count":1,"href":"https:\/\/www.egemtv.com\/index.php?rest_route=\/wp\/v2\/posts\/40119\/revisions"}],"predecessor-version":[{"id":40121,"href":"https:\/\/www.egemtv.com\/index.php?rest_route=\/wp\/v2\/posts\/40119\/revisions\/40121"}],"wp:featuredmedia":[{"embeddable":true,"href":"https:\/\/www.egemtv.com\/index.php?rest_route=\/wp\/v2\/media\/40120"}],"wp:attachment":[{"href":"https:\/\/www.egemtv.com\/index.php?rest_route=%2Fwp%2Fv2%2Fmedia&parent=40119"}],"wp:term":[{"taxonomy":"category","embeddable":true,"href":"https:\/\/www.egemtv.com\/index.php?rest_route=%2Fwp%2Fv2%2Fcategories&post=40119"},{"taxonomy":"post_tag","embeddable":true,"href":"https:\/\/www.egemtv.com\/index.php?rest_route=%2Fwp%2Fv2%2Ftags&post=40119"}],"curies":[{"name":"wp","href":"https:\/\/api.w.org\/{rel}","templated":true}]}}