{"id":40116,"date":"2025-07-05T18:37:31","date_gmt":"2025-07-05T15:37:31","guid":{"rendered":"https:\/\/www.egemtv.com\/?p=40116"},"modified":"2025-07-05T18:37:36","modified_gmt":"2025-07-05T15:37:36","slug":"korkulan-oldu-bucada-toplanmayan-copler-alev-alev-yandi","status":"publish","type":"post","link":"https:\/\/www.egemtv.com\/?p=40116","title":{"rendered":"Korkulan oldu, Buca\u2019da toplanmayan \u00e7\u00f6pler alev alev yand\u0131"},"content":{"rendered":"<p>\u0130zmir\u2019in Buca il\u00e7esindeki en i\u015flek caddelerinden Ayd\u0131n Hat Boyu Caddesi\u2019nde yakla\u015f\u0131k 2 ayd\u0131r toplanmayan ve kilometrelerce uzanan \u00e7\u00f6p ve at\u0131klar\u0131n bulundu\u011fu alanda yang\u0131n \u00e7\u0131kt\u0131.<br \/>\n<br \/>Seyhan Mahallesi\u2019nde adeta b\u00fcy\u00fck bir \u00e7\u00f6pl\u00fc\u011fe d\u00f6nen Ayd\u0131n Hat Boyu Caddesi\u2019nde saat 16.00 s\u0131ralar\u0131nda yang\u0131n \u00e7\u0131kt\u0131. Sebebi hen\u00fcz belirlenemeyen yang\u0131nda, tutu\u015fan \u00e7\u00f6pler b\u00f6lgede pani\u011fe sebep oldu. Aylard\u0131r toplanmayan ve kilometrelerce uzanan \u00e7\u00f6p da\u011flar\u0131ndan alevle birlikte siyah dumanlar y\u00fckseldi. \u0130lk m\u00fcdaheleyi \u00e7evreden vatanda\u015flar\u0131n yapt\u0131\u011f\u0131 yang\u0131na, bir s\u00fcre sonra itfaiye ekipleri gelerek m\u00fcdahale etmeye ba\u015flad\u0131. Yanan at\u0131klardan y\u00fckselen siyah dumanlar g\u00f6ky\u00fcz\u00fcn\u00fc tamamen kaplad\u0131. Bu arada, demiryolu hatt\u0131 biti\u015fi\u011finde \u00e7\u0131kan yang\u0131n sebebiyle \u0130ZBAN seferleri bir s\u00fcre aksad\u0131. Alanda park halinde bulunan bir otomobilin de yang\u0131ndan zarar g\u00f6rd\u00fc\u011f\u00fc bildirildi.<br \/>\n<br \/>\u0130tfaiyenin m\u00fcdahalesiyle yang\u0131n kontrol alt\u0131na al\u0131narak so\u011futma \u00e7al\u0131\u015fmas\u0131 yap\u0131ld\u0131.<\/p>\n<p>\u0130HA, 2 g\u00fcn \u00f6nce uyard\u0131<br \/>\n<br \/>\u0130HA, 2 g\u00fcn \u00f6nce Buca\u2019daki \u00e7\u00f6p da\u011flar\u0131n\u0131 &#8220;\u0130zmir\u2019in g\u00f6be\u011finde \u00e7\u00f6p da\u011flar\u0131 yang\u0131na davetiye \u00e7\u0131kar\u0131yor&#8221; ba\u015fl\u0131\u011f\u0131yla haberle\u015ftirmi\u015f, yetkilileri uyarm\u0131\u015ft\u0131. \u00c7evre sakinleri, bu alanda art\u0131k \u00e7\u00f6p g\u00f6rmek istemediklerini ilgili devlet kurumlar\u0131n\u0131n soruna kesin \u00e7\u00f6z\u00fcm bulmas\u0131 gerekti\u011fini ifade etmi\u015fti.<br \/><\/p>\n","protected":false},"excerpt":{"rendered":"<p>\u0130zmir\u2019in Buca il\u00e7esindeki en i\u015flek caddelerinden Ayd\u0131n Hat Boyu Caddesi\u2019nde yakla\u015f\u0131k 2 ayd\u0131r toplanmayan ve kilometrelerce uzanan \u00e7\u00f6p ve at\u0131klar\u0131n bulundu\u011fu alanda yang\u0131n \u00e7\u0131kt\u0131. Seyhan Mahallesi\u2019nde adeta b\u00fcy\u00fck bir \u00e7\u00f6pl\u00fc\u011fe d\u00f6nen Ayd\u0131n Hat Boyu Caddesi\u2019nde saat 16.00 s\u0131ralar\u0131nda yang\u0131n \u00e7\u0131kt\u0131. Sebebi hen\u00fcz belirlenemeyen yang\u0131nda, tutu\u015fan \u00e7\u00f6pler b\u00f6lgede pani\u011fe sebep oldu. Aylard\u0131r toplanmayan ve kilometrelerce uzanan&#8230;<\/p>\n","protected":false},"author":1,"featured_media":40117,"comment_status":"open","ping_status":"open","sticky":false,"template":"","format":"standard","meta":{"_crdt_document":"","footnotes":""},"categories":[5],"tags":[],"class_list":["post-40116","post","type-post","status-publish","format-standard","has-post-thumbnail","hentry","category-asayis"],"_links":{"self":[{"href":"https:\/\/www.egemtv.com\/index.php?rest_route=\/wp\/v2\/posts\/40116","targetHints":{"allow":["GET"]}}],"collection":[{"href":"https:\/\/www.egemtv.com\/index.php?rest_route=\/wp\/v2\/posts"}],"about":[{"href":"https:\/\/www.egemtv.com\/index.php?rest_route=\/wp\/v2\/types\/post"}],"author":[{"embeddable":true,"href":"https:\/\/www.egemtv.com\/index.php?rest_route=\/wp\/v2\/users\/1"}],"replies":[{"embeddable":true,"href":"https:\/\/www.egemtv.com\/index.php?rest_route=%2Fwp%2Fv2%2Fcomments&post=40116"}],"version-history":[{"count":1,"href":"https:\/\/www.egemtv.com\/index.php?rest_route=\/wp\/v2\/posts\/40116\/revisions"}],"predecessor-version":[{"id":40118,"href":"https:\/\/www.egemtv.com\/index.php?rest_route=\/wp\/v2\/posts\/40116\/revisions\/40118"}],"wp:featuredmedia":[{"embeddable":true,"href":"https:\/\/www.egemtv.com\/index.php?rest_route=\/wp\/v2\/media\/40117"}],"wp:attachment":[{"href":"https:\/\/www.egemtv.com\/index.php?rest_route=%2Fwp%2Fv2%2Fmedia&parent=40116"}],"wp:term":[{"taxonomy":"category","embeddable":true,"href":"https:\/\/www.egemtv.com\/index.php?rest_route=%2Fwp%2Fv2%2Fcategories&post=40116"},{"taxonomy":"post_tag","embeddable":true,"href":"https:\/\/www.egemtv.com\/index.php?rest_route=%2Fwp%2Fv2%2Ftags&post=40116"}],"curies":[{"name":"wp","href":"https:\/\/api.w.org\/{rel}","templated":true}]}}