{"id":40113,"date":"2025-07-05T18:37:26","date_gmt":"2025-07-05T15:37:26","guid":{"rendered":"https:\/\/www.egemtv.com\/?p=40113"},"modified":"2025-07-05T18:37:31","modified_gmt":"2025-07-05T15:37:31","slug":"sehit-orman-iscisi-ragip-sahin-son-yolculuguna-ugurlandi","status":"publish","type":"post","link":"https:\/\/www.egemtv.com\/?p=40113","title":{"rendered":"\u015eehit orman i\u015f\u00e7isi Rag\u0131p \u015eahin, son yolculu\u011funa u\u011furland\u0131"},"content":{"rendered":"<p>\u0130zmir\u2019in \u00d6demi\u015f il\u00e7esindeki yang\u0131na m\u00fcdahale s\u0131ras\u0131nda a\u011f\u0131r yaralanan ve 2 g\u00fcnl\u00fck ya\u015fam m\u00fccadelesini kaybeden orman i\u015f\u00e7isi 39 ya\u015f\u0131ndaki Rag\u0131p \u015eahin, g\u00f6zya\u015flar\u0131yla son yolculu\u011funa u\u011furland\u0131.<br \/>\n<br \/>\u0130zmir\u2019in \u00d6demi\u015f il\u00e7esinde 2 Temmuz g\u00fcn\u00fc ba\u015flayan ve d\u00fcn kontrol alt\u0131na al\u0131nabilen orman yang\u0131n\u0131nda, alevlerle m\u00fccadele eden orman kahramanlar\u0131ndan Rag\u0131p \u015eahin (45), g\u00f6rev ba\u015f\u0131ndayken kulland\u0131\u011f\u0131 pikap arac\u0131nda yang\u0131na yakalanarak a\u011f\u0131r yaralanm\u0131\u015ft\u0131. Tedavi alt\u0131na al\u0131nd\u0131\u011f\u0131 \u0130zmir \u015eehir Hastanesi\u2019nde yap\u0131lan t\u00fcm m\u00fcdahalelere ra\u011fmen kurtar\u0131lamayan \u015eahin, \u015fehit oldu. Evli ve iki \u00e7ocuk babas\u0131 olan \u015eahin\u2019in, Beyda\u011f Orman \u0130\u015fletme \u015eefli\u011fi\u2019nde g\u00f6revli oldu\u011fu ve yang\u0131n s\u0131ras\u0131nda b\u00f6lgeye ilk ula\u015fan m\u00fcdahale ekibinde yer ald\u0131\u011f\u0131 \u00f6\u011frenildi.<br \/>\n<br \/>\u015eehit orman i\u015f\u00e7isinin cenazesine Tar\u0131m ve Orman Bakan\u0131 \u0130brahim Yumakl\u0131, \u0130zmir Valisi S\u00fcleyman Elban, \u0130zmir B\u00fcy\u00fck\u015fehir Belediye Ba\u015fkan\u0131 Cemil Tugay, Orman Genel M\u00fcd\u00fcr\u00fc Bekir Karacabey, \u0130zmir Orman B\u00f6lge M\u00fcd\u00fcr\u00fc Mahmut Y\u0131lmaz, AK Parti \u0130zmir \u0130l Ba\u015fkan\u0131 Bilal Sayg\u0131l\u0131, milletvekilleri, yerel yetkililer, \u015fehidin ailesi, yak\u0131nlar\u0131, meslekta\u015flar\u0131 ve mahalle sakinleri kat\u0131ld\u0131.<\/p>\n<p>Feryatlar\u0131 y\u00fcrek da\u011flad\u0131<br \/>\n<br \/>\u00c7evik Kuvvet \u015eube M\u00fcd\u00fcrl\u00fc\u011f\u00fcne ba\u011fl\u0131 polis ekipleri taraf\u0131ndan cenaze arac\u0131ndan indirilip \u015fehidin tabutuna sar\u0131lan aile fertleri b\u00fcy\u00fck \u00fcz\u00fcnt\u00fc ya\u015fad\u0131. \u015eehidin e\u015fi Nazire \u015eahin, \u00e7ocuklar\u0131 Emir ve Sude ile annesi Sabriye \u015eahin\u2019in feryatlar\u0131 y\u00fcrek da\u011flad\u0131.<br \/>\n<br \/>Kiraz \u00c7atak Camii\u2019nde ikindi namaz\u0131n\u0131 m\u00fcteakip k\u0131l\u0131nan cenaze namaz\u0131n\u0131n ard\u0131ndan Rag\u0131p \u015eahin\u2019in cenazesi mahalle mezarl\u0131\u011f\u0131na defnedildi.<br \/><\/p>\n","protected":false},"excerpt":{"rendered":"<p>\u0130zmir\u2019in \u00d6demi\u015f il\u00e7esindeki yang\u0131na m\u00fcdahale s\u0131ras\u0131nda a\u011f\u0131r yaralanan ve 2 g\u00fcnl\u00fck ya\u015fam m\u00fccadelesini kaybeden orman i\u015f\u00e7isi 39 ya\u015f\u0131ndaki Rag\u0131p \u015eahin, g\u00f6zya\u015flar\u0131yla son yolculu\u011funa u\u011furland\u0131. \u0130zmir\u2019in \u00d6demi\u015f il\u00e7esinde 2 Temmuz g\u00fcn\u00fc ba\u015flayan ve d\u00fcn kontrol alt\u0131na al\u0131nabilen orman yang\u0131n\u0131nda, alevlerle m\u00fccadele eden orman kahramanlar\u0131ndan Rag\u0131p \u015eahin (45), g\u00f6rev ba\u015f\u0131ndayken kulland\u0131\u011f\u0131 pikap arac\u0131nda yang\u0131na yakalanarak a\u011f\u0131r yaralanm\u0131\u015ft\u0131&#8230;.<\/p>\n","protected":false},"author":1,"featured_media":40114,"comment_status":"open","ping_status":"open","sticky":false,"template":"","format":"standard","meta":{"_crdt_document":"","footnotes":""},"categories":[123],"tags":[],"class_list":["post-40113","post","type-post","status-publish","format-standard","has-post-thumbnail","hentry","category-gundem"],"_links":{"self":[{"href":"https:\/\/www.egemtv.com\/index.php?rest_route=\/wp\/v2\/posts\/40113","targetHints":{"allow":["GET"]}}],"collection":[{"href":"https:\/\/www.egemtv.com\/index.php?rest_route=\/wp\/v2\/posts"}],"about":[{"href":"https:\/\/www.egemtv.com\/index.php?rest_route=\/wp\/v2\/types\/post"}],"author":[{"embeddable":true,"href":"https:\/\/www.egemtv.com\/index.php?rest_route=\/wp\/v2\/users\/1"}],"replies":[{"embeddable":true,"href":"https:\/\/www.egemtv.com\/index.php?rest_route=%2Fwp%2Fv2%2Fcomments&post=40113"}],"version-history":[{"count":1,"href":"https:\/\/www.egemtv.com\/index.php?rest_route=\/wp\/v2\/posts\/40113\/revisions"}],"predecessor-version":[{"id":40115,"href":"https:\/\/www.egemtv.com\/index.php?rest_route=\/wp\/v2\/posts\/40113\/revisions\/40115"}],"wp:featuredmedia":[{"embeddable":true,"href":"https:\/\/www.egemtv.com\/index.php?rest_route=\/wp\/v2\/media\/40114"}],"wp:attachment":[{"href":"https:\/\/www.egemtv.com\/index.php?rest_route=%2Fwp%2Fv2%2Fmedia&parent=40113"}],"wp:term":[{"taxonomy":"category","embeddable":true,"href":"https:\/\/www.egemtv.com\/index.php?rest_route=%2Fwp%2Fv2%2Fcategories&post=40113"},{"taxonomy":"post_tag","embeddable":true,"href":"https:\/\/www.egemtv.com\/index.php?rest_route=%2Fwp%2Fv2%2Ftags&post=40113"}],"curies":[{"name":"wp","href":"https:\/\/api.w.org\/{rel}","templated":true}]}}