{"id":40110,"date":"2025-07-05T18:16:46","date_gmt":"2025-07-05T15:16:46","guid":{"rendered":"https:\/\/www.egemtv.com\/?p=40110"},"modified":"2025-07-05T18:16:50","modified_gmt":"2025-07-05T15:16:50","slug":"sdu-orman-fakultesi-yakinlarinda-yangin-korkuttu","status":"publish","type":"post","link":"https:\/\/www.egemtv.com\/?p=40110","title":{"rendered":"SD\u00dc Orman Fak\u00fcltesi yak\u0131nlar\u0131nda yang\u0131n korkuttu"},"content":{"rendered":"<p>Isparta\u2019da SD\u00dc Orman Fak\u00fcltesi yak\u0131nlar\u0131ndaki bo\u015f arazide \u00e7\u0131kan yang\u0131n itfaiye ekiplerinin m\u00fcdahalesi sonucu b\u00fcy\u00fcmeden kontrol alt\u0131na ald\u0131.<br \/>\n<br \/>Isparta\u2019da S\u00fcleyman Demirel \u00dcniversitesi (SD\u00dc) Orman Fak\u00fcltesi yak\u0131nlar\u0131nda bulunan bo\u015f arazide, hen\u00fcz belirlenemeyen bir nedenle yang\u0131n \u00e7\u0131kt\u0131. Alevler k\u0131sa s\u00fcrede b\u00fcy\u00fcyerek \u00e7evreyi tehdit etti. Olay, yoldan ge\u00e7en bir \u00fcniversite \u00f6\u011frencisinin yo\u011fun dumanlar\u0131 fark etmesi ve durumu \u00fcniversitenin g\u00fcvenlik birimine bildirmesiyle ortaya \u00e7\u0131kt\u0131.<br \/>\n<br \/>\u0130hbar \u00fczerine olay yerine h\u0131zla itfaiye ve g\u00fcvenlik ekipleri sevk edildi. \u0130tfaiye ekiplerinin zaman\u0131nda ve etkin m\u00fcdahalesi sayesinde yang\u0131n, \u00e7evredeki ormanl\u0131k alana s\u0131\u00e7ramadan kontrol alt\u0131na al\u0131nd\u0131. Yang\u0131nda herhangi bir can kayb\u0131 ya da yaralanma ya\u015fanmazken, b\u00f6lgede bulunan vatanda\u015flar ve \u00f6\u011frenciler g\u00fcvenlik nedeniyle alana yakla\u015ft\u0131r\u0131lmad\u0131.<br \/>\n<br \/>Yang\u0131n\u0131n \u00e7\u0131k\u0131\u015f nedenine ili\u015fkin incelemeler s\u00fcr\u00fcyor.<br \/><\/p>\n","protected":false},"excerpt":{"rendered":"<p>Isparta\u2019da SD\u00dc Orman Fak\u00fcltesi yak\u0131nlar\u0131ndaki bo\u015f arazide \u00e7\u0131kan yang\u0131n itfaiye ekiplerinin m\u00fcdahalesi sonucu b\u00fcy\u00fcmeden kontrol alt\u0131na ald\u0131. Isparta\u2019da S\u00fcleyman Demirel \u00dcniversitesi (SD\u00dc) Orman Fak\u00fcltesi yak\u0131nlar\u0131nda bulunan bo\u015f arazide, hen\u00fcz belirlenemeyen bir nedenle yang\u0131n \u00e7\u0131kt\u0131. Alevler k\u0131sa s\u00fcrede b\u00fcy\u00fcyerek \u00e7evreyi tehdit etti. Olay, yoldan ge\u00e7en bir \u00fcniversite \u00f6\u011frencisinin yo\u011fun dumanlar\u0131 fark etmesi ve durumu \u00fcniversitenin g\u00fcvenlik&#8230;<\/p>\n","protected":false},"author":1,"featured_media":40111,"comment_status":"open","ping_status":"open","sticky":false,"template":"","format":"standard","meta":{"_crdt_document":"","footnotes":""},"categories":[5],"tags":[],"class_list":["post-40110","post","type-post","status-publish","format-standard","has-post-thumbnail","hentry","category-asayis"],"_links":{"self":[{"href":"https:\/\/www.egemtv.com\/index.php?rest_route=\/wp\/v2\/posts\/40110","targetHints":{"allow":["GET"]}}],"collection":[{"href":"https:\/\/www.egemtv.com\/index.php?rest_route=\/wp\/v2\/posts"}],"about":[{"href":"https:\/\/www.egemtv.com\/index.php?rest_route=\/wp\/v2\/types\/post"}],"author":[{"embeddable":true,"href":"https:\/\/www.egemtv.com\/index.php?rest_route=\/wp\/v2\/users\/1"}],"replies":[{"embeddable":true,"href":"https:\/\/www.egemtv.com\/index.php?rest_route=%2Fwp%2Fv2%2Fcomments&post=40110"}],"version-history":[{"count":1,"href":"https:\/\/www.egemtv.com\/index.php?rest_route=\/wp\/v2\/posts\/40110\/revisions"}],"predecessor-version":[{"id":40112,"href":"https:\/\/www.egemtv.com\/index.php?rest_route=\/wp\/v2\/posts\/40110\/revisions\/40112"}],"wp:featuredmedia":[{"embeddable":true,"href":"https:\/\/www.egemtv.com\/index.php?rest_route=\/wp\/v2\/media\/40111"}],"wp:attachment":[{"href":"https:\/\/www.egemtv.com\/index.php?rest_route=%2Fwp%2Fv2%2Fmedia&parent=40110"}],"wp:term":[{"taxonomy":"category","embeddable":true,"href":"https:\/\/www.egemtv.com\/index.php?rest_route=%2Fwp%2Fv2%2Fcategories&post=40110"},{"taxonomy":"post_tag","embeddable":true,"href":"https:\/\/www.egemtv.com\/index.php?rest_route=%2Fwp%2Fv2%2Ftags&post=40110"}],"curies":[{"name":"wp","href":"https:\/\/api.w.org\/{rel}","templated":true}]}}